{"id":23516,"date":"2026-04-26T00:21:04","date_gmt":"2026-04-26T03:21:04","guid":{"rendered":"https:\/\/thermoblend.com.br\/home\/reforco-com-fibra-de-vidro-a-solucao-inovadora-da-thermoblend-7\/"},"modified":"2026-04-26T00:21:04","modified_gmt":"2026-04-26T03:21:04","slug":"reforco-com-fibra-de-vidro-a-solucao-inovadora-da-thermoblend-7","status":"publish","type":"post","link":"https:\/\/thermoblend.com.br\/home\/reforco-com-fibra-de-vidro-a-solucao-inovadora-da-thermoblend-7\/","title":{"rendered":"Refor\u00e7o com Fibra de Vidro: A Solu\u00e7\u00e3o Inovadora da Thermoblend"},"content":{"rendered":"<p>O refor\u00e7o com fibra de vidro \u00e9 uma t\u00e9cnica amplamente utilizada e reconhecida por sua efici\u00eancia na melhoria das propriedades mec\u00e2nicas dos materiais. A Thermoblend se destaca nesse segmento, proporcionando solu\u00e7\u00f5es que v\u00e3o al\u00e9m do comum. Com um conhecimento profundo sobre comp\u00f3sitos, oferecemos um refor\u00e7o com fibra de vidro que garante rigidez e resist\u00eancia superior, ideal para diversas aplica\u00e7\u00f5es.<\/p>\n<p>A import\u00e2ncia do refor\u00e7o com fibra de vidro na ind\u00fastria n\u00e3o pode ser subestimada. Este material n\u00e3o s\u00f3 aumenta a durabilidade de produtos, mas tamb\u00e9m reduz o peso, tornando-os mais eficientes. Na Thermoblend, n\u00f3s personalizamos nossas blendas termopl\u00e1sticas para atender \u00e0s necessidades espec\u00edficas de cada cliente, garantindo um desempenho otimizado e confi\u00e1vel.<\/p>\n<p>Os benef\u00edcios do refor\u00e7o com fibra de vidro s\u00e3o ineg\u00e1veis. Este material oferece uma combina\u00e7\u00e3o perfeita de resist\u00eancia e leveza, permitindo que estruturas suportem impactos e tens\u00f5es sem comprometer a integridade. Al\u00e9m disso, o refor\u00e7o com fibra de vidro contribui para a est\u00e9tica dos produtos, tornando-os mais atraentes. A Thermoblend utiliza tecnologia de ponta para incorporar a fibra de vidro em suas solu\u00e7\u00f5es de forma eficaz.<\/p>\n<p>A versatilidade do refor\u00e7o com fibra de vidro \u00e9 outro ponto que merece destaque. Ele pode ser utilizado em diversas ind\u00fastrias, desde o automotivo at\u00e9 o eletroeletr\u00f4nico, sempre com o intuito de melhorar a qualidade dos produtos finais. A capacidade da Thermoblend de adaptar suas formula\u00e7\u00f5es para incluir esses refor\u00e7os \u00e9 um diferencial que nos posiciona como l\u00edderes no mercado.<\/p>\n<p>A confiabilidade do refor\u00e7o com fibra de vidro aplicado por n\u00f3s na Thermoblend \u00e9 reconhecida por nossos parceiros. Com um compromisso inabal\u00e1vel com a qualidade, n\u00f3s garantimos que cada produto que leva o nosso nome esteja \u00e0 altura das expectativas do mercado. O rigor em nossos processos de produ\u00e7\u00e3o faz com que o refor\u00e7o com fibra de vidro se torne uma ferramenta indispens\u00e1vel para quem busca inova\u00e7\u00e3o e performance.<\/p>\n<p>Por fim, escolher a Thermoblend significa optar pela excel\u00eancia no uso do refor\u00e7o com fibra de vidro. Nossos especialistas garantem que cada projeto receba a dedica\u00e7\u00e3o e a aten\u00e7\u00e3o necess\u00e1rias, resultando em solu\u00e7\u00f5es que n\u00e3o apenas atendem, mas superam as expectativas do cliente. \u00c9 este compromisso com a qualidade e inova\u00e7\u00e3o que nos coloca \u00e0 frente no segmento.<\/p>\n","protected":false},"excerpt":{"rendered":"<p>O refor\u00e7o com fibra de vidro \u00e9 uma t\u00e9cnica amplamente utilizada e reconhecida por sua efici\u00eancia na melhoria das propriedades mec\u00e2nicas dos materiais. A Thermoblend se destaca nesse segmento, proporcionando solu\u00e7\u00f5es que v\u00e3o al\u00e9m do comum. Com um conhecimento profundo sobre comp\u00f3sitos, oferecemos um refor\u00e7o com fibra de vidro que garante rigidez e resist\u00eancia superior,&hellip;&nbsp;<a href=\"https:\/\/thermoblend.com.br\/home\/reforco-com-fibra-de-vidro-a-solucao-inovadora-da-thermoblend-7\/\" class=\"\" rel=\"bookmark\">Continue a ler &raquo;<span class=\"screen-reader-text\">Refor\u00e7o com Fibra de Vidro: A Solu\u00e7\u00e3o Inovadora da Thermoblend<\/span><\/a><\/p>\n","protected":false},"author":2,"featured_media":257,"comment_status":"","ping_status":"open","sticky":false,"template":"","format":"standard","meta":{"_yoast_wpseo_focuskw":"Refor\u00e7o com fibra de vidro","_yoast_wpseo_title":"Thermoblend: Refor\u00e7o com Fibra de Vidro de Alta Qualidade","_yoast_wpseo_metadesc":"Descubra como o refor\u00e7o com fibra de vidro da Thermoblend pode transformar seus produtos com resist\u00eancia e leveza.","neve_meta_sidebar":"","neve_meta_container":"","neve_meta_enable_content_width":"","neve_meta_content_width":0,"neve_meta_title_alignment":"","neve_meta_author_avatar":"","neve_post_elements_order":"","neve_meta_disable_header":"","neve_meta_disable_footer":"","neve_meta_disable_title":"","footnotes":""},"categories":[6],"tags":[],"class_list":["post-23516","post","type-post","status-publish","format-standard","has-post-thumbnail","hentry","category-seo-geral"],"yoast_head":"<!-- This site is optimized with the Yoast SEO plugin v23.4 - https:\/\/yoast.com\/wordpress\/plugins\/seo\/ -->\n<title>Thermoblend: Refor\u00e7o com Fibra de Vidro de Alta Qualidade<\/title>\n<meta name=\"description\" content=\"Descubra como o refor\u00e7o com fibra de vidro da Thermoblend pode transformar seus produtos com resist\u00eancia e leveza.\" \/>\n<meta name=\"robots\" content=\"index, follow, max-snippet:-1, max-image-preview:large, max-video-preview:-1\" \/>\n<link rel=\"canonical\" href=\"https:\/\/thermoblend.com.br\/home\/reforco-com-fibra-de-vidro-a-solucao-inovadora-da-thermoblend-7\/\" \/>\n<meta property=\"og:locale\" content=\"pt_BR\" \/>\n<meta property=\"og:type\" content=\"article\" \/>\n<meta property=\"og:title\" content=\"Thermoblend: Refor\u00e7o com Fibra de Vidro de Alta Qualidade\" \/>\n<meta property=\"og:description\" content=\"Descubra como o refor\u00e7o com fibra de vidro da Thermoblend pode transformar seus produtos com resist\u00eancia e leveza.\" \/>\n<meta property=\"og:url\" content=\"https:\/\/thermoblend.com.br\/home\/reforco-com-fibra-de-vidro-a-solucao-inovadora-da-thermoblend-7\/\" \/>\n<meta property=\"og:site_name\" content=\"Thermoblend\" \/>\n<meta property=\"article:published_time\" content=\"2026-04-26T03:21:04+00:00\" \/>\n<meta property=\"og:image\" content=\"https:\/\/thermoblend.com.br\/home\/wp-content\/uploads\/2025\/02\/thermoblend_aero-2-1024x512.png\" \/>\n\t<meta property=\"og:image:width\" content=\"1024\" \/>\n\t<meta property=\"og:image:height\" content=\"512\" \/>\n\t<meta property=\"og:image:type\" content=\"image\/png\" \/>\n<meta name=\"author\" content=\"SEO\" \/>\n<meta name=\"twitter:card\" content=\"summary_large_image\" \/>\n<meta name=\"twitter:label1\" content=\"Escrito por\" \/>\n\t<meta name=\"twitter:data1\" content=\"SEO\" \/>\n\t<meta name=\"twitter:label2\" content=\"Est. tempo de leitura\" \/>\n\t<meta name=\"twitter:data2\" content=\"2 minutos\" \/>\n<script type=\"application\/ld+json\" class=\"yoast-schema-graph\">{\"@context\":\"https:\/\/schema.org\",\"@graph\":[{\"@type\":\"Article\",\"@id\":\"https:\/\/thermoblend.com.br\/home\/reforco-com-fibra-de-vidro-a-solucao-inovadora-da-thermoblend-7\/#article\",\"isPartOf\":{\"@id\":\"https:\/\/thermoblend.com.br\/home\/reforco-com-fibra-de-vidro-a-solucao-inovadora-da-thermoblend-7\/\"},\"author\":{\"name\":\"SEO\",\"@id\":\"https:\/\/thermoblend.com.br\/home\/#\/schema\/person\/954f51992e18d7780ef0e56895a70f77\"},\"headline\":\"Refor\u00e7o com Fibra de Vidro: A Solu\u00e7\u00e3o Inovadora da Thermoblend\",\"datePublished\":\"2026-04-26T03:21:04+00:00\",\"dateModified\":\"2026-04-26T03:21:04+00:00\",\"mainEntityOfPage\":{\"@id\":\"https:\/\/thermoblend.com.br\/home\/reforco-com-fibra-de-vidro-a-solucao-inovadora-da-thermoblend-7\/\"},\"wordCount\":423,\"publisher\":{\"@id\":\"https:\/\/thermoblend.com.br\/home\/#organization\"},\"image\":{\"@id\":\"https:\/\/thermoblend.com.br\/home\/reforco-com-fibra-de-vidro-a-solucao-inovadora-da-thermoblend-7\/#primaryimage\"},\"thumbnailUrl\":\"https:\/\/thermoblend.com.br\/home\/wp-content\/uploads\/2025\/02\/thermoblend_aero-2.png\",\"articleSection\":[\"SEO - Geral\"],\"inLanguage\":\"pt-BR\"},{\"@type\":\"WebPage\",\"@id\":\"https:\/\/thermoblend.com.br\/home\/reforco-com-fibra-de-vidro-a-solucao-inovadora-da-thermoblend-7\/\",\"url\":\"https:\/\/thermoblend.com.br\/home\/reforco-com-fibra-de-vidro-a-solucao-inovadora-da-thermoblend-7\/\",\"name\":\"Thermoblend: Refor\u00e7o com Fibra de Vidro de Alta Qualidade\",\"isPartOf\":{\"@id\":\"https:\/\/thermoblend.com.br\/home\/#website\"},\"primaryImageOfPage\":{\"@id\":\"https:\/\/thermoblend.com.br\/home\/reforco-com-fibra-de-vidro-a-solucao-inovadora-da-thermoblend-7\/#primaryimage\"},\"image\":{\"@id\":\"https:\/\/thermoblend.com.br\/home\/reforco-com-fibra-de-vidro-a-solucao-inovadora-da-thermoblend-7\/#primaryimage\"},\"thumbnailUrl\":\"https:\/\/thermoblend.com.br\/home\/wp-content\/uploads\/2025\/02\/thermoblend_aero-2.png\",\"datePublished\":\"2026-04-26T03:21:04+00:00\",\"dateModified\":\"2026-04-26T03:21:04+00:00\",\"description\":\"Descubra como o refor\u00e7o com fibra de vidro da Thermoblend pode transformar seus produtos com resist\u00eancia e leveza.\",\"breadcrumb\":{\"@id\":\"https:\/\/thermoblend.com.br\/home\/reforco-com-fibra-de-vidro-a-solucao-inovadora-da-thermoblend-7\/#breadcrumb\"},\"inLanguage\":\"pt-BR\",\"potentialAction\":[{\"@type\":\"ReadAction\",\"target\":[\"https:\/\/thermoblend.com.br\/home\/reforco-com-fibra-de-vidro-a-solucao-inovadora-da-thermoblend-7\/\"]}]},{\"@type\":\"ImageObject\",\"inLanguage\":\"pt-BR\",\"@id\":\"https:\/\/thermoblend.com.br\/home\/reforco-com-fibra-de-vidro-a-solucao-inovadora-da-thermoblend-7\/#primaryimage\",\"url\":\"https:\/\/thermoblend.com.br\/home\/wp-content\/uploads\/2025\/02\/thermoblend_aero-2.png\",\"contentUrl\":\"https:\/\/thermoblend.com.br\/home\/wp-content\/uploads\/2025\/02\/thermoblend_aero-2.png\",\"width\":1536,\"height\":768},{\"@type\":\"BreadcrumbList\",\"@id\":\"https:\/\/thermoblend.com.br\/home\/reforco-com-fibra-de-vidro-a-solucao-inovadora-da-thermoblend-7\/#breadcrumb\",\"itemListElement\":[{\"@type\":\"ListItem\",\"position\":1,\"name\":\"In\u00edcio\",\"item\":\"https:\/\/thermoblend.com.br\/home\/\"},{\"@type\":\"ListItem\",\"position\":2,\"name\":\"Refor\u00e7o com Fibra de Vidro: A Solu\u00e7\u00e3o Inovadora da Thermoblend\"}]},{\"@type\":\"WebSite\",\"@id\":\"https:\/\/thermoblend.com.br\/home\/#website\",\"url\":\"https:\/\/thermoblend.com.br\/home\/\",\"name\":\"Thermoblend\",\"description\":\"Compostos para o futuro\",\"publisher\":{\"@id\":\"https:\/\/thermoblend.com.br\/home\/#organization\"},\"potentialAction\":[{\"@type\":\"SearchAction\",\"target\":{\"@type\":\"EntryPoint\",\"urlTemplate\":\"https:\/\/thermoblend.com.br\/home\/?s={search_term_string}\"},\"query-input\":{\"@type\":\"PropertyValueSpecification\",\"valueRequired\":true,\"valueName\":\"search_term_string\"}}],\"inLanguage\":\"pt-BR\"},{\"@type\":\"Organization\",\"@id\":\"https:\/\/thermoblend.com.br\/home\/#organization\",\"name\":\"Thermoblend\",\"url\":\"https:\/\/thermoblend.com.br\/home\/\",\"logo\":{\"@type\":\"ImageObject\",\"inLanguage\":\"pt-BR\",\"@id\":\"https:\/\/thermoblend.com.br\/home\/#\/schema\/logo\/image\/\",\"url\":\"https:\/\/thermoblend.com.br\/home\/wp-content\/uploads\/2025\/02\/Z286-Website-Thermoblend5.png\",\"contentUrl\":\"https:\/\/thermoblend.com.br\/home\/wp-content\/uploads\/2025\/02\/Z286-Website-Thermoblend5.png\",\"width\":1920,\"height\":284,\"caption\":\"Thermoblend\"},\"image\":{\"@id\":\"https:\/\/thermoblend.com.br\/home\/#\/schema\/logo\/image\/\"}},{\"@type\":\"Person\",\"@id\":\"https:\/\/thermoblend.com.br\/home\/#\/schema\/person\/954f51992e18d7780ef0e56895a70f77\",\"name\":\"SEO\",\"image\":{\"@type\":\"ImageObject\",\"inLanguage\":\"pt-BR\",\"@id\":\"https:\/\/thermoblend.com.br\/home\/#\/schema\/person\/image\/\",\"url\":\"https:\/\/secure.gravatar.com\/avatar\/be5b30c70f6013b0fddc17b6b746f0aecfd0d05fbd3325b28d071b7a5a40da96?s=96&d=mm&r=g\",\"contentUrl\":\"https:\/\/secure.gravatar.com\/avatar\/be5b30c70f6013b0fddc17b6b746f0aecfd0d05fbd3325b28d071b7a5a40da96?s=96&d=mm&r=g\",\"caption\":\"SEO\"},\"url\":\"https:\/\/thermoblend.com.br\/home\/author\/seo\/\"}]}<\/script>\n<!-- \/ Yoast SEO plugin. -->","yoast_head_json":{"title":"Thermoblend: Refor\u00e7o com Fibra de Vidro de Alta Qualidade","description":"Descubra como o refor\u00e7o com fibra de vidro da Thermoblend pode transformar seus produtos com resist\u00eancia e leveza.","robots":{"index":"index","follow":"follow","max-snippet":"max-snippet:-1","max-image-preview":"max-image-preview:large","max-video-preview":"max-video-preview:-1"},"canonical":"https:\/\/thermoblend.com.br\/home\/reforco-com-fibra-de-vidro-a-solucao-inovadora-da-thermoblend-7\/","og_locale":"pt_BR","og_type":"article","og_title":"Thermoblend: Refor\u00e7o com Fibra de Vidro de Alta Qualidade","og_description":"Descubra como o refor\u00e7o com fibra de vidro da Thermoblend pode transformar seus produtos com resist\u00eancia e leveza.","og_url":"https:\/\/thermoblend.com.br\/home\/reforco-com-fibra-de-vidro-a-solucao-inovadora-da-thermoblend-7\/","og_site_name":"Thermoblend","article_published_time":"2026-04-26T03:21:04+00:00","og_image":[{"width":1024,"height":512,"url":"https:\/\/thermoblend.com.br\/home\/wp-content\/uploads\/2025\/02\/thermoblend_aero-2-1024x512.png","type":"image\/png"}],"author":"SEO","twitter_card":"summary_large_image","twitter_misc":{"Escrito por":"SEO","Est. tempo de leitura":"2 minutos"},"schema":{"@context":"https:\/\/schema.org","@graph":[{"@type":"Article","@id":"https:\/\/thermoblend.com.br\/home\/reforco-com-fibra-de-vidro-a-solucao-inovadora-da-thermoblend-7\/#article","isPartOf":{"@id":"https:\/\/thermoblend.com.br\/home\/reforco-com-fibra-de-vidro-a-solucao-inovadora-da-thermoblend-7\/"},"author":{"name":"SEO","@id":"https:\/\/thermoblend.com.br\/home\/#\/schema\/person\/954f51992e18d7780ef0e56895a70f77"},"headline":"Refor\u00e7o com Fibra de Vidro: A Solu\u00e7\u00e3o Inovadora da Thermoblend","datePublished":"2026-04-26T03:21:04+00:00","dateModified":"2026-04-26T03:21:04+00:00","mainEntityOfPage":{"@id":"https:\/\/thermoblend.com.br\/home\/reforco-com-fibra-de-vidro-a-solucao-inovadora-da-thermoblend-7\/"},"wordCount":423,"publisher":{"@id":"https:\/\/thermoblend.com.br\/home\/#organization"},"image":{"@id":"https:\/\/thermoblend.com.br\/home\/reforco-com-fibra-de-vidro-a-solucao-inovadora-da-thermoblend-7\/#primaryimage"},"thumbnailUrl":"https:\/\/thermoblend.com.br\/home\/wp-content\/uploads\/2025\/02\/thermoblend_aero-2.png","articleSection":["SEO - Geral"],"inLanguage":"pt-BR"},{"@type":"WebPage","@id":"https:\/\/thermoblend.com.br\/home\/reforco-com-fibra-de-vidro-a-solucao-inovadora-da-thermoblend-7\/","url":"https:\/\/thermoblend.com.br\/home\/reforco-com-fibra-de-vidro-a-solucao-inovadora-da-thermoblend-7\/","name":"Thermoblend: Refor\u00e7o com Fibra de Vidro de Alta Qualidade","isPartOf":{"@id":"https:\/\/thermoblend.com.br\/home\/#website"},"primaryImageOfPage":{"@id":"https:\/\/thermoblend.com.br\/home\/reforco-com-fibra-de-vidro-a-solucao-inovadora-da-thermoblend-7\/#primaryimage"},"image":{"@id":"https:\/\/thermoblend.com.br\/home\/reforco-com-fibra-de-vidro-a-solucao-inovadora-da-thermoblend-7\/#primaryimage"},"thumbnailUrl":"https:\/\/thermoblend.com.br\/home\/wp-content\/uploads\/2025\/02\/thermoblend_aero-2.png","datePublished":"2026-04-26T03:21:04+00:00","dateModified":"2026-04-26T03:21:04+00:00","description":"Descubra como o refor\u00e7o com fibra de vidro da Thermoblend pode transformar seus produtos com resist\u00eancia e leveza.","breadcrumb":{"@id":"https:\/\/thermoblend.com.br\/home\/reforco-com-fibra-de-vidro-a-solucao-inovadora-da-thermoblend-7\/#breadcrumb"},"inLanguage":"pt-BR","potentialAction":[{"@type":"ReadAction","target":["https:\/\/thermoblend.com.br\/home\/reforco-com-fibra-de-vidro-a-solucao-inovadora-da-thermoblend-7\/"]}]},{"@type":"ImageObject","inLanguage":"pt-BR","@id":"https:\/\/thermoblend.com.br\/home\/reforco-com-fibra-de-vidro-a-solucao-inovadora-da-thermoblend-7\/#primaryimage","url":"https:\/\/thermoblend.com.br\/home\/wp-content\/uploads\/2025\/02\/thermoblend_aero-2.png","contentUrl":"https:\/\/thermoblend.com.br\/home\/wp-content\/uploads\/2025\/02\/thermoblend_aero-2.png","width":1536,"height":768},{"@type":"BreadcrumbList","@id":"https:\/\/thermoblend.com.br\/home\/reforco-com-fibra-de-vidro-a-solucao-inovadora-da-thermoblend-7\/#breadcrumb","itemListElement":[{"@type":"ListItem","position":1,"name":"In\u00edcio","item":"https:\/\/thermoblend.com.br\/home\/"},{"@type":"ListItem","position":2,"name":"Refor\u00e7o com Fibra de Vidro: A Solu\u00e7\u00e3o Inovadora da Thermoblend"}]},{"@type":"WebSite","@id":"https:\/\/thermoblend.com.br\/home\/#website","url":"https:\/\/thermoblend.com.br\/home\/","name":"Thermoblend","description":"Compostos para o futuro","publisher":{"@id":"https:\/\/thermoblend.com.br\/home\/#organization"},"potentialAction":[{"@type":"SearchAction","target":{"@type":"EntryPoint","urlTemplate":"https:\/\/thermoblend.com.br\/home\/?s={search_term_string}"},"query-input":{"@type":"PropertyValueSpecification","valueRequired":true,"valueName":"search_term_string"}}],"inLanguage":"pt-BR"},{"@type":"Organization","@id":"https:\/\/thermoblend.com.br\/home\/#organization","name":"Thermoblend","url":"https:\/\/thermoblend.com.br\/home\/","logo":{"@type":"ImageObject","inLanguage":"pt-BR","@id":"https:\/\/thermoblend.com.br\/home\/#\/schema\/logo\/image\/","url":"https:\/\/thermoblend.com.br\/home\/wp-content\/uploads\/2025\/02\/Z286-Website-Thermoblend5.png","contentUrl":"https:\/\/thermoblend.com.br\/home\/wp-content\/uploads\/2025\/02\/Z286-Website-Thermoblend5.png","width":1920,"height":284,"caption":"Thermoblend"},"image":{"@id":"https:\/\/thermoblend.com.br\/home\/#\/schema\/logo\/image\/"}},{"@type":"Person","@id":"https:\/\/thermoblend.com.br\/home\/#\/schema\/person\/954f51992e18d7780ef0e56895a70f77","name":"SEO","image":{"@type":"ImageObject","inLanguage":"pt-BR","@id":"https:\/\/thermoblend.com.br\/home\/#\/schema\/person\/image\/","url":"https:\/\/secure.gravatar.com\/avatar\/be5b30c70f6013b0fddc17b6b746f0aecfd0d05fbd3325b28d071b7a5a40da96?s=96&d=mm&r=g","contentUrl":"https:\/\/secure.gravatar.com\/avatar\/be5b30c70f6013b0fddc17b6b746f0aecfd0d05fbd3325b28d071b7a5a40da96?s=96&d=mm&r=g","caption":"SEO"},"url":"https:\/\/thermoblend.com.br\/home\/author\/seo\/"}]}},"_links":{"self":[{"href":"https:\/\/thermoblend.com.br\/home\/wp-json\/wp\/v2\/posts\/23516","targetHints":{"allow":["GET"]}}],"collection":[{"href":"https:\/\/thermoblend.com.br\/home\/wp-json\/wp\/v2\/posts"}],"about":[{"href":"https:\/\/thermoblend.com.br\/home\/wp-json\/wp\/v2\/types\/post"}],"author":[{"embeddable":true,"href":"https:\/\/thermoblend.com.br\/home\/wp-json\/wp\/v2\/users\/2"}],"replies":[{"embeddable":true,"href":"https:\/\/thermoblend.com.br\/home\/wp-json\/wp\/v2\/comments?post=23516"}],"version-history":[{"count":0,"href":"https:\/\/thermoblend.com.br\/home\/wp-json\/wp\/v2\/posts\/23516\/revisions"}],"wp:featuredmedia":[{"embeddable":true,"href":"https:\/\/thermoblend.com.br\/home\/wp-json\/wp\/v2\/media\/257"}],"wp:attachment":[{"href":"https:\/\/thermoblend.com.br\/home\/wp-json\/wp\/v2\/media?parent=23516"}],"wp:term":[{"taxonomy":"category","embeddable":true,"href":"https:\/\/thermoblend.com.br\/home\/wp-json\/wp\/v2\/categories?post=23516"},{"taxonomy":"post_tag","embeddable":true,"href":"https:\/\/thermoblend.com.br\/home\/wp-json\/wp\/v2\/tags?post=23516"}],"curies":[{"name":"wp","href":"https:\/\/api.w.org\/{rel}","templated":true}]}}