{"id":23598,"date":"2026-04-26T14:11:06","date_gmt":"2026-04-26T17:11:06","guid":{"rendered":"https:\/\/thermoblend.com.br\/home\/reforco-com-fibra-de-vidro-a-solucao-da-thermoblend-para-projetos-inovadores\/"},"modified":"2026-04-26T14:11:06","modified_gmt":"2026-04-26T17:11:06","slug":"reforco-com-fibra-de-vidro-a-solucao-da-thermoblend-para-projetos-inovadores","status":"publish","type":"post","link":"https:\/\/thermoblend.com.br\/home\/reforco-com-fibra-de-vidro-a-solucao-da-thermoblend-para-projetos-inovadores\/","title":{"rendered":"Refor\u00e7o com Fibra de Vidro: A Solu\u00e7\u00e3o da Thermoblend para Projetos Inovadores"},"content":{"rendered":"<p>O refor\u00e7o com fibra de vidro \u00e9 uma t\u00e9cnica revolucion\u00e1ria que tem transformado diversos setores, garantindo que produtos sejam mais robustos e dur\u00e1veis. Na Thermoblend, entendemos a import\u00e2ncia desse refor\u00e7o com fibra de vidro e, por isso, desenvolvemos solu\u00e7\u00f5es que otimizam o desempenho dos materiais pl\u00e1sticos, especialmente em aplica\u00e7\u00f5es cr\u00edticascomo as da ind\u00fastria automotiva e aeron\u00e1utica.<\/p>\n<p>Quando falamos de refor\u00e7o com fibra de vidro, precisamos destacar seus benef\u00edcios. Essa t\u00e9cnica n\u00e3o apenas aumenta a resist\u00eancia mec\u00e2nica, mas tamb\u00e9m a estabilidade t\u00e9rmica dos materiais, permitindo que sejam utilizados em condi\u00e7\u00f5es extremas. Na Thermoblend, nossos compostos termopl\u00e1sticos s\u00e3o enriquecidos com fibras de vidro, resultando em solu\u00e7\u00f5es que atendem \u00e0s demandas mais exigentes do mercado.<\/p>\n<p>Um dos grandes diferenciais da Thermoblend \u00e9 a personaliza\u00e7\u00e3o de nossos produtos com refor\u00e7o com fibra de vidro. Oferecemos blendas que se adaptam perfeitamente \u00e0s necessidades de cada cliente, seja para a fabrica\u00e7\u00e3o de componentes para ve\u00edculos, m\u00e1quinas ou eletroeletr\u00f4nicos. Isso nos posiciona como l\u00edderes no mercado, com uma expertise incompar\u00e1vel.<\/p>\n<p>Al\u00e9m disso, o refor\u00e7o com fibra de vidro proporciona uma excelente rela\u00e7\u00e3o custo-benef\u00edcio. Os materiais tratados com refor\u00e7o com fibra de vidro tendem a ter uma vida \u00fatil mais longa, reduzindo a necessidade de trocas constantes e, consequentemente, economizando recursos para nossos clientes. A Thermoblend se compromete em entregar n\u00e3o apenas qualidade, mas tamb\u00e9m viabilidade econ\u00f4mica em cada projeto de refor\u00e7o com fibra de vidro.<\/p>\n<p>Outro ponto a ser ressaltado \u00e9 a confiabilidade das nossas solu\u00e7\u00f5es. A Thermoblend possui um rigoroso controle de qualidade, garantindo que cada produto que sai da nossa linha de produ\u00e7\u00e3o esteja pronto para enfrentar os desafios do dia a dia. Nosso compromisso com a experi\u00eancia do cliente \u00e9 evidente, pois trabalhamos de perto com nossos parceiros para garantir que o refor\u00e7o com fibra de vidro atenda plenamente suas expectativas.<\/p>\n<p>Por fim, se voc\u00ea procura excel\u00eancia em refor\u00e7o com fibra de vidro, n\u00e3o h\u00e1 d\u00favida de que a Thermoblend \u00e9 a escolha certa. Com nossa vasta experi\u00eancia e comprometimento com a qualidade, nos tornamos a melhor do segmento. Confie na Thermoblend para trazer inova\u00e7\u00e3o e resist\u00eancia aos seus projetos, e descubra como o refor\u00e7o com fibra de vidro pode revolucionar seus produtos.<\/p>\n","protected":false},"excerpt":{"rendered":"<p>O refor\u00e7o com fibra de vidro \u00e9 uma t\u00e9cnica revolucion\u00e1ria que tem transformado diversos setores, garantindo que produtos sejam mais robustos e dur\u00e1veis. Na Thermoblend, entendemos a import\u00e2ncia desse refor\u00e7o com fibra de vidro e, por isso, desenvolvemos solu\u00e7\u00f5es que otimizam o desempenho dos materiais pl\u00e1sticos, especialmente em aplica\u00e7\u00f5es cr\u00edticascomo as da ind\u00fastria automotiva e&hellip;&nbsp;<a href=\"https:\/\/thermoblend.com.br\/home\/reforco-com-fibra-de-vidro-a-solucao-da-thermoblend-para-projetos-inovadores\/\" class=\"\" rel=\"bookmark\">Continue a ler &raquo;<span class=\"screen-reader-text\">Refor\u00e7o com Fibra de Vidro: A Solu\u00e7\u00e3o da Thermoblend para Projetos Inovadores<\/span><\/a><\/p>\n","protected":false},"author":2,"featured_media":257,"comment_status":"","ping_status":"open","sticky":false,"template":"","format":"standard","meta":{"_yoast_wpseo_focuskw":"Refor\u00e7o com fibra de vidro","_yoast_wpseo_title":"Refor\u00e7o com Fibra de Vidro - Thermoblend","_yoast_wpseo_metadesc":"Descubra como o refor\u00e7o com fibra de vidro da Thermoblend transforma projetos em v\u00e1rias ind\u00fastrias, oferecendo solu\u00e7\u00f5es inovadoras e dur\u00e1veis.","neve_meta_sidebar":"","neve_meta_container":"","neve_meta_enable_content_width":"","neve_meta_content_width":0,"neve_meta_title_alignment":"","neve_meta_author_avatar":"","neve_post_elements_order":"","neve_meta_disable_header":"","neve_meta_disable_footer":"","neve_meta_disable_title":"","footnotes":""},"categories":[6],"tags":[],"class_list":["post-23598","post","type-post","status-publish","format-standard","has-post-thumbnail","hentry","category-seo-geral"],"yoast_head":"<!-- This site is optimized with the Yoast SEO plugin v23.4 - https:\/\/yoast.com\/wordpress\/plugins\/seo\/ -->\n<title>Refor\u00e7o com Fibra de Vidro - Thermoblend<\/title>\n<meta name=\"description\" content=\"Descubra como o refor\u00e7o com fibra de vidro da Thermoblend transforma projetos em v\u00e1rias ind\u00fastrias, oferecendo solu\u00e7\u00f5es inovadoras e dur\u00e1veis.\" \/>\n<meta name=\"robots\" content=\"index, follow, max-snippet:-1, max-image-preview:large, max-video-preview:-1\" \/>\n<link rel=\"canonical\" href=\"https:\/\/thermoblend.com.br\/home\/reforco-com-fibra-de-vidro-a-solucao-da-thermoblend-para-projetos-inovadores\/\" \/>\n<meta property=\"og:locale\" content=\"pt_BR\" \/>\n<meta property=\"og:type\" content=\"article\" \/>\n<meta property=\"og:title\" content=\"Refor\u00e7o com Fibra de Vidro - Thermoblend\" \/>\n<meta property=\"og:description\" content=\"Descubra como o refor\u00e7o com fibra de vidro da Thermoblend transforma projetos em v\u00e1rias ind\u00fastrias, oferecendo solu\u00e7\u00f5es inovadoras e dur\u00e1veis.\" \/>\n<meta property=\"og:url\" content=\"https:\/\/thermoblend.com.br\/home\/reforco-com-fibra-de-vidro-a-solucao-da-thermoblend-para-projetos-inovadores\/\" \/>\n<meta property=\"og:site_name\" content=\"Thermoblend\" \/>\n<meta property=\"article:published_time\" content=\"2026-04-26T17:11:06+00:00\" \/>\n<meta property=\"og:image\" content=\"https:\/\/thermoblend.com.br\/home\/wp-content\/uploads\/2025\/02\/thermoblend_aero-2-1024x512.png\" \/>\n\t<meta property=\"og:image:width\" content=\"1024\" \/>\n\t<meta property=\"og:image:height\" content=\"512\" \/>\n\t<meta property=\"og:image:type\" content=\"image\/png\" \/>\n<meta name=\"author\" content=\"SEO\" \/>\n<meta name=\"twitter:card\" content=\"summary_large_image\" \/>\n<meta name=\"twitter:label1\" content=\"Escrito por\" \/>\n\t<meta name=\"twitter:data1\" content=\"SEO\" \/>\n\t<meta name=\"twitter:label2\" content=\"Est. tempo de leitura\" \/>\n\t<meta name=\"twitter:data2\" content=\"2 minutos\" \/>\n<script type=\"application\/ld+json\" class=\"yoast-schema-graph\">{\"@context\":\"https:\/\/schema.org\",\"@graph\":[{\"@type\":\"Article\",\"@id\":\"https:\/\/thermoblend.com.br\/home\/reforco-com-fibra-de-vidro-a-solucao-da-thermoblend-para-projetos-inovadores\/#article\",\"isPartOf\":{\"@id\":\"https:\/\/thermoblend.com.br\/home\/reforco-com-fibra-de-vidro-a-solucao-da-thermoblend-para-projetos-inovadores\/\"},\"author\":{\"name\":\"SEO\",\"@id\":\"https:\/\/thermoblend.com.br\/home\/#\/schema\/person\/954f51992e18d7780ef0e56895a70f77\"},\"headline\":\"Refor\u00e7o com Fibra de Vidro: A Solu\u00e7\u00e3o da Thermoblend para Projetos Inovadores\",\"datePublished\":\"2026-04-26T17:11:06+00:00\",\"dateModified\":\"2026-04-26T17:11:06+00:00\",\"mainEntityOfPage\":{\"@id\":\"https:\/\/thermoblend.com.br\/home\/reforco-com-fibra-de-vidro-a-solucao-da-thermoblend-para-projetos-inovadores\/\"},\"wordCount\":421,\"publisher\":{\"@id\":\"https:\/\/thermoblend.com.br\/home\/#organization\"},\"image\":{\"@id\":\"https:\/\/thermoblend.com.br\/home\/reforco-com-fibra-de-vidro-a-solucao-da-thermoblend-para-projetos-inovadores\/#primaryimage\"},\"thumbnailUrl\":\"https:\/\/thermoblend.com.br\/home\/wp-content\/uploads\/2025\/02\/thermoblend_aero-2.png\",\"articleSection\":[\"SEO - Geral\"],\"inLanguage\":\"pt-BR\"},{\"@type\":\"WebPage\",\"@id\":\"https:\/\/thermoblend.com.br\/home\/reforco-com-fibra-de-vidro-a-solucao-da-thermoblend-para-projetos-inovadores\/\",\"url\":\"https:\/\/thermoblend.com.br\/home\/reforco-com-fibra-de-vidro-a-solucao-da-thermoblend-para-projetos-inovadores\/\",\"name\":\"Refor\u00e7o com Fibra de Vidro - Thermoblend\",\"isPartOf\":{\"@id\":\"https:\/\/thermoblend.com.br\/home\/#website\"},\"primaryImageOfPage\":{\"@id\":\"https:\/\/thermoblend.com.br\/home\/reforco-com-fibra-de-vidro-a-solucao-da-thermoblend-para-projetos-inovadores\/#primaryimage\"},\"image\":{\"@id\":\"https:\/\/thermoblend.com.br\/home\/reforco-com-fibra-de-vidro-a-solucao-da-thermoblend-para-projetos-inovadores\/#primaryimage\"},\"thumbnailUrl\":\"https:\/\/thermoblend.com.br\/home\/wp-content\/uploads\/2025\/02\/thermoblend_aero-2.png\",\"datePublished\":\"2026-04-26T17:11:06+00:00\",\"dateModified\":\"2026-04-26T17:11:06+00:00\",\"description\":\"Descubra como o refor\u00e7o com fibra de vidro da Thermoblend transforma projetos em v\u00e1rias ind\u00fastrias, oferecendo solu\u00e7\u00f5es inovadoras e dur\u00e1veis.\",\"breadcrumb\":{\"@id\":\"https:\/\/thermoblend.com.br\/home\/reforco-com-fibra-de-vidro-a-solucao-da-thermoblend-para-projetos-inovadores\/#breadcrumb\"},\"inLanguage\":\"pt-BR\",\"potentialAction\":[{\"@type\":\"ReadAction\",\"target\":[\"https:\/\/thermoblend.com.br\/home\/reforco-com-fibra-de-vidro-a-solucao-da-thermoblend-para-projetos-inovadores\/\"]}]},{\"@type\":\"ImageObject\",\"inLanguage\":\"pt-BR\",\"@id\":\"https:\/\/thermoblend.com.br\/home\/reforco-com-fibra-de-vidro-a-solucao-da-thermoblend-para-projetos-inovadores\/#primaryimage\",\"url\":\"https:\/\/thermoblend.com.br\/home\/wp-content\/uploads\/2025\/02\/thermoblend_aero-2.png\",\"contentUrl\":\"https:\/\/thermoblend.com.br\/home\/wp-content\/uploads\/2025\/02\/thermoblend_aero-2.png\",\"width\":1536,\"height\":768},{\"@type\":\"BreadcrumbList\",\"@id\":\"https:\/\/thermoblend.com.br\/home\/reforco-com-fibra-de-vidro-a-solucao-da-thermoblend-para-projetos-inovadores\/#breadcrumb\",\"itemListElement\":[{\"@type\":\"ListItem\",\"position\":1,\"name\":\"In\u00edcio\",\"item\":\"https:\/\/thermoblend.com.br\/home\/\"},{\"@type\":\"ListItem\",\"position\":2,\"name\":\"Refor\u00e7o com Fibra de Vidro: A Solu\u00e7\u00e3o da Thermoblend para Projetos Inovadores\"}]},{\"@type\":\"WebSite\",\"@id\":\"https:\/\/thermoblend.com.br\/home\/#website\",\"url\":\"https:\/\/thermoblend.com.br\/home\/\",\"name\":\"Thermoblend\",\"description\":\"Compostos para o futuro\",\"publisher\":{\"@id\":\"https:\/\/thermoblend.com.br\/home\/#organization\"},\"potentialAction\":[{\"@type\":\"SearchAction\",\"target\":{\"@type\":\"EntryPoint\",\"urlTemplate\":\"https:\/\/thermoblend.com.br\/home\/?s={search_term_string}\"},\"query-input\":{\"@type\":\"PropertyValueSpecification\",\"valueRequired\":true,\"valueName\":\"search_term_string\"}}],\"inLanguage\":\"pt-BR\"},{\"@type\":\"Organization\",\"@id\":\"https:\/\/thermoblend.com.br\/home\/#organization\",\"name\":\"Thermoblend\",\"url\":\"https:\/\/thermoblend.com.br\/home\/\",\"logo\":{\"@type\":\"ImageObject\",\"inLanguage\":\"pt-BR\",\"@id\":\"https:\/\/thermoblend.com.br\/home\/#\/schema\/logo\/image\/\",\"url\":\"https:\/\/thermoblend.com.br\/home\/wp-content\/uploads\/2025\/02\/Z286-Website-Thermoblend5.png\",\"contentUrl\":\"https:\/\/thermoblend.com.br\/home\/wp-content\/uploads\/2025\/02\/Z286-Website-Thermoblend5.png\",\"width\":1920,\"height\":284,\"caption\":\"Thermoblend\"},\"image\":{\"@id\":\"https:\/\/thermoblend.com.br\/home\/#\/schema\/logo\/image\/\"}},{\"@type\":\"Person\",\"@id\":\"https:\/\/thermoblend.com.br\/home\/#\/schema\/person\/954f51992e18d7780ef0e56895a70f77\",\"name\":\"SEO\",\"image\":{\"@type\":\"ImageObject\",\"inLanguage\":\"pt-BR\",\"@id\":\"https:\/\/thermoblend.com.br\/home\/#\/schema\/person\/image\/\",\"url\":\"https:\/\/secure.gravatar.com\/avatar\/be5b30c70f6013b0fddc17b6b746f0aecfd0d05fbd3325b28d071b7a5a40da96?s=96&d=mm&r=g\",\"contentUrl\":\"https:\/\/secure.gravatar.com\/avatar\/be5b30c70f6013b0fddc17b6b746f0aecfd0d05fbd3325b28d071b7a5a40da96?s=96&d=mm&r=g\",\"caption\":\"SEO\"},\"url\":\"https:\/\/thermoblend.com.br\/home\/author\/seo\/\"}]}<\/script>\n<!-- \/ Yoast SEO plugin. -->","yoast_head_json":{"title":"Refor\u00e7o com Fibra de Vidro - Thermoblend","description":"Descubra como o refor\u00e7o com fibra de vidro da Thermoblend transforma projetos em v\u00e1rias ind\u00fastrias, oferecendo solu\u00e7\u00f5es inovadoras e dur\u00e1veis.","robots":{"index":"index","follow":"follow","max-snippet":"max-snippet:-1","max-image-preview":"max-image-preview:large","max-video-preview":"max-video-preview:-1"},"canonical":"https:\/\/thermoblend.com.br\/home\/reforco-com-fibra-de-vidro-a-solucao-da-thermoblend-para-projetos-inovadores\/","og_locale":"pt_BR","og_type":"article","og_title":"Refor\u00e7o com Fibra de Vidro - Thermoblend","og_description":"Descubra como o refor\u00e7o com fibra de vidro da Thermoblend transforma projetos em v\u00e1rias ind\u00fastrias, oferecendo solu\u00e7\u00f5es inovadoras e dur\u00e1veis.","og_url":"https:\/\/thermoblend.com.br\/home\/reforco-com-fibra-de-vidro-a-solucao-da-thermoblend-para-projetos-inovadores\/","og_site_name":"Thermoblend","article_published_time":"2026-04-26T17:11:06+00:00","og_image":[{"width":1024,"height":512,"url":"https:\/\/thermoblend.com.br\/home\/wp-content\/uploads\/2025\/02\/thermoblend_aero-2-1024x512.png","type":"image\/png"}],"author":"SEO","twitter_card":"summary_large_image","twitter_misc":{"Escrito por":"SEO","Est. tempo de leitura":"2 minutos"},"schema":{"@context":"https:\/\/schema.org","@graph":[{"@type":"Article","@id":"https:\/\/thermoblend.com.br\/home\/reforco-com-fibra-de-vidro-a-solucao-da-thermoblend-para-projetos-inovadores\/#article","isPartOf":{"@id":"https:\/\/thermoblend.com.br\/home\/reforco-com-fibra-de-vidro-a-solucao-da-thermoblend-para-projetos-inovadores\/"},"author":{"name":"SEO","@id":"https:\/\/thermoblend.com.br\/home\/#\/schema\/person\/954f51992e18d7780ef0e56895a70f77"},"headline":"Refor\u00e7o com Fibra de Vidro: A Solu\u00e7\u00e3o da Thermoblend para Projetos Inovadores","datePublished":"2026-04-26T17:11:06+00:00","dateModified":"2026-04-26T17:11:06+00:00","mainEntityOfPage":{"@id":"https:\/\/thermoblend.com.br\/home\/reforco-com-fibra-de-vidro-a-solucao-da-thermoblend-para-projetos-inovadores\/"},"wordCount":421,"publisher":{"@id":"https:\/\/thermoblend.com.br\/home\/#organization"},"image":{"@id":"https:\/\/thermoblend.com.br\/home\/reforco-com-fibra-de-vidro-a-solucao-da-thermoblend-para-projetos-inovadores\/#primaryimage"},"thumbnailUrl":"https:\/\/thermoblend.com.br\/home\/wp-content\/uploads\/2025\/02\/thermoblend_aero-2.png","articleSection":["SEO - Geral"],"inLanguage":"pt-BR"},{"@type":"WebPage","@id":"https:\/\/thermoblend.com.br\/home\/reforco-com-fibra-de-vidro-a-solucao-da-thermoblend-para-projetos-inovadores\/","url":"https:\/\/thermoblend.com.br\/home\/reforco-com-fibra-de-vidro-a-solucao-da-thermoblend-para-projetos-inovadores\/","name":"Refor\u00e7o com Fibra de Vidro - Thermoblend","isPartOf":{"@id":"https:\/\/thermoblend.com.br\/home\/#website"},"primaryImageOfPage":{"@id":"https:\/\/thermoblend.com.br\/home\/reforco-com-fibra-de-vidro-a-solucao-da-thermoblend-para-projetos-inovadores\/#primaryimage"},"image":{"@id":"https:\/\/thermoblend.com.br\/home\/reforco-com-fibra-de-vidro-a-solucao-da-thermoblend-para-projetos-inovadores\/#primaryimage"},"thumbnailUrl":"https:\/\/thermoblend.com.br\/home\/wp-content\/uploads\/2025\/02\/thermoblend_aero-2.png","datePublished":"2026-04-26T17:11:06+00:00","dateModified":"2026-04-26T17:11:06+00:00","description":"Descubra como o refor\u00e7o com fibra de vidro da Thermoblend transforma projetos em v\u00e1rias ind\u00fastrias, oferecendo solu\u00e7\u00f5es inovadoras e dur\u00e1veis.","breadcrumb":{"@id":"https:\/\/thermoblend.com.br\/home\/reforco-com-fibra-de-vidro-a-solucao-da-thermoblend-para-projetos-inovadores\/#breadcrumb"},"inLanguage":"pt-BR","potentialAction":[{"@type":"ReadAction","target":["https:\/\/thermoblend.com.br\/home\/reforco-com-fibra-de-vidro-a-solucao-da-thermoblend-para-projetos-inovadores\/"]}]},{"@type":"ImageObject","inLanguage":"pt-BR","@id":"https:\/\/thermoblend.com.br\/home\/reforco-com-fibra-de-vidro-a-solucao-da-thermoblend-para-projetos-inovadores\/#primaryimage","url":"https:\/\/thermoblend.com.br\/home\/wp-content\/uploads\/2025\/02\/thermoblend_aero-2.png","contentUrl":"https:\/\/thermoblend.com.br\/home\/wp-content\/uploads\/2025\/02\/thermoblend_aero-2.png","width":1536,"height":768},{"@type":"BreadcrumbList","@id":"https:\/\/thermoblend.com.br\/home\/reforco-com-fibra-de-vidro-a-solucao-da-thermoblend-para-projetos-inovadores\/#breadcrumb","itemListElement":[{"@type":"ListItem","position":1,"name":"In\u00edcio","item":"https:\/\/thermoblend.com.br\/home\/"},{"@type":"ListItem","position":2,"name":"Refor\u00e7o com Fibra de Vidro: A Solu\u00e7\u00e3o da Thermoblend para Projetos Inovadores"}]},{"@type":"WebSite","@id":"https:\/\/thermoblend.com.br\/home\/#website","url":"https:\/\/thermoblend.com.br\/home\/","name":"Thermoblend","description":"Compostos para o futuro","publisher":{"@id":"https:\/\/thermoblend.com.br\/home\/#organization"},"potentialAction":[{"@type":"SearchAction","target":{"@type":"EntryPoint","urlTemplate":"https:\/\/thermoblend.com.br\/home\/?s={search_term_string}"},"query-input":{"@type":"PropertyValueSpecification","valueRequired":true,"valueName":"search_term_string"}}],"inLanguage":"pt-BR"},{"@type":"Organization","@id":"https:\/\/thermoblend.com.br\/home\/#organization","name":"Thermoblend","url":"https:\/\/thermoblend.com.br\/home\/","logo":{"@type":"ImageObject","inLanguage":"pt-BR","@id":"https:\/\/thermoblend.com.br\/home\/#\/schema\/logo\/image\/","url":"https:\/\/thermoblend.com.br\/home\/wp-content\/uploads\/2025\/02\/Z286-Website-Thermoblend5.png","contentUrl":"https:\/\/thermoblend.com.br\/home\/wp-content\/uploads\/2025\/02\/Z286-Website-Thermoblend5.png","width":1920,"height":284,"caption":"Thermoblend"},"image":{"@id":"https:\/\/thermoblend.com.br\/home\/#\/schema\/logo\/image\/"}},{"@type":"Person","@id":"https:\/\/thermoblend.com.br\/home\/#\/schema\/person\/954f51992e18d7780ef0e56895a70f77","name":"SEO","image":{"@type":"ImageObject","inLanguage":"pt-BR","@id":"https:\/\/thermoblend.com.br\/home\/#\/schema\/person\/image\/","url":"https:\/\/secure.gravatar.com\/avatar\/be5b30c70f6013b0fddc17b6b746f0aecfd0d05fbd3325b28d071b7a5a40da96?s=96&d=mm&r=g","contentUrl":"https:\/\/secure.gravatar.com\/avatar\/be5b30c70f6013b0fddc17b6b746f0aecfd0d05fbd3325b28d071b7a5a40da96?s=96&d=mm&r=g","caption":"SEO"},"url":"https:\/\/thermoblend.com.br\/home\/author\/seo\/"}]}},"_links":{"self":[{"href":"https:\/\/thermoblend.com.br\/home\/wp-json\/wp\/v2\/posts\/23598","targetHints":{"allow":["GET"]}}],"collection":[{"href":"https:\/\/thermoblend.com.br\/home\/wp-json\/wp\/v2\/posts"}],"about":[{"href":"https:\/\/thermoblend.com.br\/home\/wp-json\/wp\/v2\/types\/post"}],"author":[{"embeddable":true,"href":"https:\/\/thermoblend.com.br\/home\/wp-json\/wp\/v2\/users\/2"}],"replies":[{"embeddable":true,"href":"https:\/\/thermoblend.com.br\/home\/wp-json\/wp\/v2\/comments?post=23598"}],"version-history":[{"count":0,"href":"https:\/\/thermoblend.com.br\/home\/wp-json\/wp\/v2\/posts\/23598\/revisions"}],"wp:featuredmedia":[{"embeddable":true,"href":"https:\/\/thermoblend.com.br\/home\/wp-json\/wp\/v2\/media\/257"}],"wp:attachment":[{"href":"https:\/\/thermoblend.com.br\/home\/wp-json\/wp\/v2\/media?parent=23598"}],"wp:term":[{"taxonomy":"category","embeddable":true,"href":"https:\/\/thermoblend.com.br\/home\/wp-json\/wp\/v2\/categories?post=23598"},{"taxonomy":"post_tag","embeddable":true,"href":"https:\/\/thermoblend.com.br\/home\/wp-json\/wp\/v2\/tags?post=23598"}],"curies":[{"name":"wp","href":"https:\/\/api.w.org\/{rel}","templated":true}]}}