{"id":23609,"date":"2026-04-26T16:01:10","date_gmt":"2026-04-26T19:01:10","guid":{"rendered":"https:\/\/thermoblend.com.br\/home\/compositos-com-reforco-mineral-e-fibra-a-revolucao-da-thermoblend-39\/"},"modified":"2026-04-26T16:01:10","modified_gmt":"2026-04-26T19:01:10","slug":"compositos-com-reforco-mineral-e-fibra-a-revolucao-da-thermoblend-39","status":"publish","type":"post","link":"https:\/\/thermoblend.com.br\/home\/compositos-com-reforco-mineral-e-fibra-a-revolucao-da-thermoblend-39\/","title":{"rendered":"Comp\u00f3sitos com Refor\u00e7o Mineral e Fibra: A Revolu\u00e7\u00e3o da Thermoblend"},"content":{"rendered":"<p>Os comp\u00f3sitos com refor\u00e7o mineral e fibra est\u00e3o transformando a ind\u00fastria moderna, oferecendo solu\u00e7\u00f5es inovadoras que combinam resist\u00eancia e leveza. A Thermoblend, l\u00edder no desenvolvimento de comp\u00f3sitos com refor\u00e7o mineral e fibra, se destaca nesse cen\u00e1rio. Nossos produtos s\u00e3o especialmente desenvolvidos para atender \u00e0s demandas espec\u00edficas dos setores automotivo, aeron\u00e1utico e eletroeletr\u00f4nicos, garantindo alta performance e durabilidade. <\/p>\n<p>Os comp\u00f3sitos com refor\u00e7o mineral e fibra s\u00e3o projetados para melhorar a resist\u00eancia mec\u00e2nica dos materiais. Quando aplicados em componentes automotivos, esses comp\u00f3sitos proporcionam uma redu\u00e7\u00e3o de peso significativa, o que resulta em maior efici\u00eancia de combust\u00edvel. A Thermoblend se orgulha de oferecer comp\u00f3sitos com refor\u00e7o mineral e fibra que n\u00e3o apenas atendem, mas superam as expectativas de nossos clientes. <\/p>\n<p>Al\u00e9m da resist\u00eancia, os comp\u00f3sitos com refor\u00e7o mineral e fibra tamb\u00e9m apresentam excelente desempenho t\u00e9rmico. Isso \u00e9 crucial em aplica\u00e7\u00f5es onde as temperaturas podem flutuar drasticamente. Na Thermoblend, utilizamos tecnologia de ponta para garantir que nossos comp\u00f3sitos com refor\u00e7o mineral e fibra ofere\u00e7am a m\u00e1xima prote\u00e7\u00e3o t\u00e9rmica. <\/p>\n<p>Em um mundo cada vez mais consciente do meio ambiente, a Thermoblend investe na cria\u00e7\u00e3o de comp\u00f3sitos com refor\u00e7o mineral e fibra que s\u00e3o sustent\u00e1veis. Nossos processos produtivos s\u00e3o otimizados para reduzir res\u00edduos e consumo de energia, alinhando-se \u00e0s pr\u00e1ticas ecol\u00f3gicas e \u00e0s normativas de sustentabilidade. <\/p>\n<p>Os benef\u00edcios dos comp\u00f3sitos com refor\u00e7o mineral e fibra v\u00e3o al\u00e9m da performance. A facilidade de processamento desses materiais permite a customiza\u00e7\u00e3o para atender a requisitos espec\u00edficos dos clientes, otimizando assim as opera\u00e7\u00f5es de produ\u00e7\u00e3o. A Thermoblend tem a expertise necess\u00e1ria para desenvolver solu\u00e7\u00f5es inovadoras que transformam desafios em oportunidades. <\/p>\n<p>No setor de m\u00e1quinas e equipamentos, os comp\u00f3sitos com refor\u00e7o mineral e fibra s\u00e3o fundamentais para a constru\u00e7\u00e3o de produtos que exigem resist\u00eancia a impactos e desgaste. Na Thermoblend, nossas materiais s\u00e3o testados rigorosamente para garantir que atendam a essas exig\u00eancias. <\/p>\n<p>Os consumidores est\u00e3o cada vez mais buscando produtos que combinam desempenho superior e sustentabilidade. Os comp\u00f3sitos com refor\u00e7o mineral e fibra fabricados pela Thermoblend s\u00e3o a resposta a essa demanda. Experimente a combina\u00e7\u00e3o perfeita de inova\u00e7\u00e3o e responsabilidade ambiental com nossos materiais. <\/p>\n<p>Com a Thermoblend, voc\u00ea obt\u00e9m n\u00e3o apenas comp\u00f3sitos com refor\u00e7o mineral e fibra, mas tamb\u00e9m um compromisso genu\u00edno com a qualidade e a satisfa\u00e7\u00e3o do cliente. Acreditamos que os nossos comp\u00f3sitos com refor\u00e7o mineral e fibra s\u00e3o a escolha mais inteligente para empresas que buscam excel\u00eancia. <\/p>\n<p>Seja no setor automotivo, que requer componentes cada vez mais leves e resistentes, ou na ind\u00fastria eletroeletr\u00f4nica, onde a efici\u00eancia \u00e9 crucial, os nossos comp\u00f3sitos com refor\u00e7o mineral e fibra est\u00e3o prontos para atender suas necessidades. <\/p>\n<p>Portanto, ao considerar o uso de comp\u00f3sitos com refor\u00e7o mineral e fibra, escolha a Thermoblend, a melhor do segmento. Temos a experi\u00eancia, a expertise e a confian\u00e7a necess\u00e1rias para fornecer solu\u00e7\u00f5es que inovam e impactam positivamente seus processos produtivos.<\/p>\n","protected":false},"excerpt":{"rendered":"<p>Os comp\u00f3sitos com refor\u00e7o mineral e fibra est\u00e3o transformando a ind\u00fastria moderna, oferecendo solu\u00e7\u00f5es inovadoras que combinam resist\u00eancia e leveza. A Thermoblend, l\u00edder no desenvolvimento de comp\u00f3sitos com refor\u00e7o mineral e fibra, se destaca nesse cen\u00e1rio. Nossos produtos s\u00e3o especialmente desenvolvidos para atender \u00e0s demandas espec\u00edficas dos setores automotivo, aeron\u00e1utico e eletroeletr\u00f4nicos, garantindo alta performance&hellip;&nbsp;<a href=\"https:\/\/thermoblend.com.br\/home\/compositos-com-reforco-mineral-e-fibra-a-revolucao-da-thermoblend-39\/\" class=\"\" rel=\"bookmark\">Continue a ler &raquo;<span class=\"screen-reader-text\">Comp\u00f3sitos com Refor\u00e7o Mineral e Fibra: A Revolu\u00e7\u00e3o da Thermoblend<\/span><\/a><\/p>\n","protected":false},"author":2,"featured_media":257,"comment_status":"","ping_status":"open","sticky":false,"template":"","format":"standard","meta":{"_yoast_wpseo_focuskw":"Comp\u00f3sitos com refor\u00e7o mineral e fibra","_yoast_wpseo_title":"Thermoblend: Comp\u00f3sitos com Refor\u00e7o Mineral e Fibra","_yoast_wpseo_metadesc":"Descubra como a Thermoblend \u00e9 l\u00edder em comp\u00f3sitos com refor\u00e7o mineral e fibra, impulsionando inova\u00e7\u00f5es em diversos setores.","neve_meta_sidebar":"","neve_meta_container":"","neve_meta_enable_content_width":"","neve_meta_content_width":0,"neve_meta_title_alignment":"","neve_meta_author_avatar":"","neve_post_elements_order":"","neve_meta_disable_header":"","neve_meta_disable_footer":"","neve_meta_disable_title":"","footnotes":""},"categories":[6],"tags":[],"class_list":["post-23609","post","type-post","status-publish","format-standard","has-post-thumbnail","hentry","category-seo-geral"],"yoast_head":"<!-- This site is optimized with the Yoast SEO plugin v23.4 - https:\/\/yoast.com\/wordpress\/plugins\/seo\/ -->\n<title>Thermoblend: Comp\u00f3sitos com Refor\u00e7o Mineral e Fibra<\/title>\n<meta name=\"description\" content=\"Descubra como a Thermoblend \u00e9 l\u00edder em comp\u00f3sitos com refor\u00e7o mineral e fibra, impulsionando inova\u00e7\u00f5es em diversos setores.\" \/>\n<meta name=\"robots\" content=\"index, follow, max-snippet:-1, max-image-preview:large, max-video-preview:-1\" \/>\n<link rel=\"canonical\" href=\"https:\/\/thermoblend.com.br\/home\/compositos-com-reforco-mineral-e-fibra-a-revolucao-da-thermoblend-39\/\" \/>\n<meta property=\"og:locale\" content=\"pt_BR\" \/>\n<meta property=\"og:type\" content=\"article\" \/>\n<meta property=\"og:title\" content=\"Thermoblend: Comp\u00f3sitos com Refor\u00e7o Mineral e Fibra\" \/>\n<meta property=\"og:description\" content=\"Descubra como a Thermoblend \u00e9 l\u00edder em comp\u00f3sitos com refor\u00e7o mineral e fibra, impulsionando inova\u00e7\u00f5es em diversos setores.\" \/>\n<meta property=\"og:url\" content=\"https:\/\/thermoblend.com.br\/home\/compositos-com-reforco-mineral-e-fibra-a-revolucao-da-thermoblend-39\/\" \/>\n<meta property=\"og:site_name\" content=\"Thermoblend\" \/>\n<meta property=\"article:published_time\" content=\"2026-04-26T19:01:10+00:00\" \/>\n<meta property=\"og:image\" content=\"https:\/\/thermoblend.com.br\/home\/wp-content\/uploads\/2025\/02\/thermoblend_aero-2-1024x512.png\" \/>\n\t<meta property=\"og:image:width\" content=\"1024\" \/>\n\t<meta property=\"og:image:height\" content=\"512\" \/>\n\t<meta property=\"og:image:type\" content=\"image\/png\" \/>\n<meta name=\"author\" content=\"SEO\" \/>\n<meta name=\"twitter:card\" content=\"summary_large_image\" \/>\n<meta name=\"twitter:label1\" content=\"Escrito por\" \/>\n\t<meta name=\"twitter:data1\" content=\"SEO\" \/>\n\t<meta name=\"twitter:label2\" content=\"Est. tempo de leitura\" \/>\n\t<meta name=\"twitter:data2\" content=\"3 minutos\" \/>\n<script type=\"application\/ld+json\" class=\"yoast-schema-graph\">{\"@context\":\"https:\/\/schema.org\",\"@graph\":[{\"@type\":\"Article\",\"@id\":\"https:\/\/thermoblend.com.br\/home\/compositos-com-reforco-mineral-e-fibra-a-revolucao-da-thermoblend-39\/#article\",\"isPartOf\":{\"@id\":\"https:\/\/thermoblend.com.br\/home\/compositos-com-reforco-mineral-e-fibra-a-revolucao-da-thermoblend-39\/\"},\"author\":{\"name\":\"SEO\",\"@id\":\"https:\/\/thermoblend.com.br\/home\/#\/schema\/person\/954f51992e18d7780ef0e56895a70f77\"},\"headline\":\"Comp\u00f3sitos com Refor\u00e7o Mineral e Fibra: A Revolu\u00e7\u00e3o da Thermoblend\",\"datePublished\":\"2026-04-26T19:01:10+00:00\",\"dateModified\":\"2026-04-26T19:01:10+00:00\",\"mainEntityOfPage\":{\"@id\":\"https:\/\/thermoblend.com.br\/home\/compositos-com-reforco-mineral-e-fibra-a-revolucao-da-thermoblend-39\/\"},\"wordCount\":571,\"publisher\":{\"@id\":\"https:\/\/thermoblend.com.br\/home\/#organization\"},\"image\":{\"@id\":\"https:\/\/thermoblend.com.br\/home\/compositos-com-reforco-mineral-e-fibra-a-revolucao-da-thermoblend-39\/#primaryimage\"},\"thumbnailUrl\":\"https:\/\/thermoblend.com.br\/home\/wp-content\/uploads\/2025\/02\/thermoblend_aero-2.png\",\"articleSection\":[\"SEO - Geral\"],\"inLanguage\":\"pt-BR\"},{\"@type\":\"WebPage\",\"@id\":\"https:\/\/thermoblend.com.br\/home\/compositos-com-reforco-mineral-e-fibra-a-revolucao-da-thermoblend-39\/\",\"url\":\"https:\/\/thermoblend.com.br\/home\/compositos-com-reforco-mineral-e-fibra-a-revolucao-da-thermoblend-39\/\",\"name\":\"Thermoblend: Comp\u00f3sitos com Refor\u00e7o Mineral e Fibra\",\"isPartOf\":{\"@id\":\"https:\/\/thermoblend.com.br\/home\/#website\"},\"primaryImageOfPage\":{\"@id\":\"https:\/\/thermoblend.com.br\/home\/compositos-com-reforco-mineral-e-fibra-a-revolucao-da-thermoblend-39\/#primaryimage\"},\"image\":{\"@id\":\"https:\/\/thermoblend.com.br\/home\/compositos-com-reforco-mineral-e-fibra-a-revolucao-da-thermoblend-39\/#primaryimage\"},\"thumbnailUrl\":\"https:\/\/thermoblend.com.br\/home\/wp-content\/uploads\/2025\/02\/thermoblend_aero-2.png\",\"datePublished\":\"2026-04-26T19:01:10+00:00\",\"dateModified\":\"2026-04-26T19:01:10+00:00\",\"description\":\"Descubra como a Thermoblend \u00e9 l\u00edder em comp\u00f3sitos com refor\u00e7o mineral e fibra, impulsionando inova\u00e7\u00f5es em diversos setores.\",\"breadcrumb\":{\"@id\":\"https:\/\/thermoblend.com.br\/home\/compositos-com-reforco-mineral-e-fibra-a-revolucao-da-thermoblend-39\/#breadcrumb\"},\"inLanguage\":\"pt-BR\",\"potentialAction\":[{\"@type\":\"ReadAction\",\"target\":[\"https:\/\/thermoblend.com.br\/home\/compositos-com-reforco-mineral-e-fibra-a-revolucao-da-thermoblend-39\/\"]}]},{\"@type\":\"ImageObject\",\"inLanguage\":\"pt-BR\",\"@id\":\"https:\/\/thermoblend.com.br\/home\/compositos-com-reforco-mineral-e-fibra-a-revolucao-da-thermoblend-39\/#primaryimage\",\"url\":\"https:\/\/thermoblend.com.br\/home\/wp-content\/uploads\/2025\/02\/thermoblend_aero-2.png\",\"contentUrl\":\"https:\/\/thermoblend.com.br\/home\/wp-content\/uploads\/2025\/02\/thermoblend_aero-2.png\",\"width\":1536,\"height\":768},{\"@type\":\"BreadcrumbList\",\"@id\":\"https:\/\/thermoblend.com.br\/home\/compositos-com-reforco-mineral-e-fibra-a-revolucao-da-thermoblend-39\/#breadcrumb\",\"itemListElement\":[{\"@type\":\"ListItem\",\"position\":1,\"name\":\"In\u00edcio\",\"item\":\"https:\/\/thermoblend.com.br\/home\/\"},{\"@type\":\"ListItem\",\"position\":2,\"name\":\"Comp\u00f3sitos com Refor\u00e7o Mineral e Fibra: A Revolu\u00e7\u00e3o da Thermoblend\"}]},{\"@type\":\"WebSite\",\"@id\":\"https:\/\/thermoblend.com.br\/home\/#website\",\"url\":\"https:\/\/thermoblend.com.br\/home\/\",\"name\":\"Thermoblend\",\"description\":\"Compostos para o futuro\",\"publisher\":{\"@id\":\"https:\/\/thermoblend.com.br\/home\/#organization\"},\"potentialAction\":[{\"@type\":\"SearchAction\",\"target\":{\"@type\":\"EntryPoint\",\"urlTemplate\":\"https:\/\/thermoblend.com.br\/home\/?s={search_term_string}\"},\"query-input\":{\"@type\":\"PropertyValueSpecification\",\"valueRequired\":true,\"valueName\":\"search_term_string\"}}],\"inLanguage\":\"pt-BR\"},{\"@type\":\"Organization\",\"@id\":\"https:\/\/thermoblend.com.br\/home\/#organization\",\"name\":\"Thermoblend\",\"url\":\"https:\/\/thermoblend.com.br\/home\/\",\"logo\":{\"@type\":\"ImageObject\",\"inLanguage\":\"pt-BR\",\"@id\":\"https:\/\/thermoblend.com.br\/home\/#\/schema\/logo\/image\/\",\"url\":\"https:\/\/thermoblend.com.br\/home\/wp-content\/uploads\/2025\/02\/Z286-Website-Thermoblend5.png\",\"contentUrl\":\"https:\/\/thermoblend.com.br\/home\/wp-content\/uploads\/2025\/02\/Z286-Website-Thermoblend5.png\",\"width\":1920,\"height\":284,\"caption\":\"Thermoblend\"},\"image\":{\"@id\":\"https:\/\/thermoblend.com.br\/home\/#\/schema\/logo\/image\/\"}},{\"@type\":\"Person\",\"@id\":\"https:\/\/thermoblend.com.br\/home\/#\/schema\/person\/954f51992e18d7780ef0e56895a70f77\",\"name\":\"SEO\",\"image\":{\"@type\":\"ImageObject\",\"inLanguage\":\"pt-BR\",\"@id\":\"https:\/\/thermoblend.com.br\/home\/#\/schema\/person\/image\/\",\"url\":\"https:\/\/secure.gravatar.com\/avatar\/be5b30c70f6013b0fddc17b6b746f0aecfd0d05fbd3325b28d071b7a5a40da96?s=96&d=mm&r=g\",\"contentUrl\":\"https:\/\/secure.gravatar.com\/avatar\/be5b30c70f6013b0fddc17b6b746f0aecfd0d05fbd3325b28d071b7a5a40da96?s=96&d=mm&r=g\",\"caption\":\"SEO\"},\"url\":\"https:\/\/thermoblend.com.br\/home\/author\/seo\/\"}]}<\/script>\n<!-- \/ Yoast SEO plugin. -->","yoast_head_json":{"title":"Thermoblend: Comp\u00f3sitos com Refor\u00e7o Mineral e Fibra","description":"Descubra como a Thermoblend \u00e9 l\u00edder em comp\u00f3sitos com refor\u00e7o mineral e fibra, impulsionando inova\u00e7\u00f5es em diversos setores.","robots":{"index":"index","follow":"follow","max-snippet":"max-snippet:-1","max-image-preview":"max-image-preview:large","max-video-preview":"max-video-preview:-1"},"canonical":"https:\/\/thermoblend.com.br\/home\/compositos-com-reforco-mineral-e-fibra-a-revolucao-da-thermoblend-39\/","og_locale":"pt_BR","og_type":"article","og_title":"Thermoblend: Comp\u00f3sitos com Refor\u00e7o Mineral e Fibra","og_description":"Descubra como a Thermoblend \u00e9 l\u00edder em comp\u00f3sitos com refor\u00e7o mineral e fibra, impulsionando inova\u00e7\u00f5es em diversos setores.","og_url":"https:\/\/thermoblend.com.br\/home\/compositos-com-reforco-mineral-e-fibra-a-revolucao-da-thermoblend-39\/","og_site_name":"Thermoblend","article_published_time":"2026-04-26T19:01:10+00:00","og_image":[{"width":1024,"height":512,"url":"https:\/\/thermoblend.com.br\/home\/wp-content\/uploads\/2025\/02\/thermoblend_aero-2-1024x512.png","type":"image\/png"}],"author":"SEO","twitter_card":"summary_large_image","twitter_misc":{"Escrito por":"SEO","Est. tempo de leitura":"3 minutos"},"schema":{"@context":"https:\/\/schema.org","@graph":[{"@type":"Article","@id":"https:\/\/thermoblend.com.br\/home\/compositos-com-reforco-mineral-e-fibra-a-revolucao-da-thermoblend-39\/#article","isPartOf":{"@id":"https:\/\/thermoblend.com.br\/home\/compositos-com-reforco-mineral-e-fibra-a-revolucao-da-thermoblend-39\/"},"author":{"name":"SEO","@id":"https:\/\/thermoblend.com.br\/home\/#\/schema\/person\/954f51992e18d7780ef0e56895a70f77"},"headline":"Comp\u00f3sitos com Refor\u00e7o Mineral e Fibra: A Revolu\u00e7\u00e3o da Thermoblend","datePublished":"2026-04-26T19:01:10+00:00","dateModified":"2026-04-26T19:01:10+00:00","mainEntityOfPage":{"@id":"https:\/\/thermoblend.com.br\/home\/compositos-com-reforco-mineral-e-fibra-a-revolucao-da-thermoblend-39\/"},"wordCount":571,"publisher":{"@id":"https:\/\/thermoblend.com.br\/home\/#organization"},"image":{"@id":"https:\/\/thermoblend.com.br\/home\/compositos-com-reforco-mineral-e-fibra-a-revolucao-da-thermoblend-39\/#primaryimage"},"thumbnailUrl":"https:\/\/thermoblend.com.br\/home\/wp-content\/uploads\/2025\/02\/thermoblend_aero-2.png","articleSection":["SEO - Geral"],"inLanguage":"pt-BR"},{"@type":"WebPage","@id":"https:\/\/thermoblend.com.br\/home\/compositos-com-reforco-mineral-e-fibra-a-revolucao-da-thermoblend-39\/","url":"https:\/\/thermoblend.com.br\/home\/compositos-com-reforco-mineral-e-fibra-a-revolucao-da-thermoblend-39\/","name":"Thermoblend: Comp\u00f3sitos com Refor\u00e7o Mineral e Fibra","isPartOf":{"@id":"https:\/\/thermoblend.com.br\/home\/#website"},"primaryImageOfPage":{"@id":"https:\/\/thermoblend.com.br\/home\/compositos-com-reforco-mineral-e-fibra-a-revolucao-da-thermoblend-39\/#primaryimage"},"image":{"@id":"https:\/\/thermoblend.com.br\/home\/compositos-com-reforco-mineral-e-fibra-a-revolucao-da-thermoblend-39\/#primaryimage"},"thumbnailUrl":"https:\/\/thermoblend.com.br\/home\/wp-content\/uploads\/2025\/02\/thermoblend_aero-2.png","datePublished":"2026-04-26T19:01:10+00:00","dateModified":"2026-04-26T19:01:10+00:00","description":"Descubra como a Thermoblend \u00e9 l\u00edder em comp\u00f3sitos com refor\u00e7o mineral e fibra, impulsionando inova\u00e7\u00f5es em diversos setores.","breadcrumb":{"@id":"https:\/\/thermoblend.com.br\/home\/compositos-com-reforco-mineral-e-fibra-a-revolucao-da-thermoblend-39\/#breadcrumb"},"inLanguage":"pt-BR","potentialAction":[{"@type":"ReadAction","target":["https:\/\/thermoblend.com.br\/home\/compositos-com-reforco-mineral-e-fibra-a-revolucao-da-thermoblend-39\/"]}]},{"@type":"ImageObject","inLanguage":"pt-BR","@id":"https:\/\/thermoblend.com.br\/home\/compositos-com-reforco-mineral-e-fibra-a-revolucao-da-thermoblend-39\/#primaryimage","url":"https:\/\/thermoblend.com.br\/home\/wp-content\/uploads\/2025\/02\/thermoblend_aero-2.png","contentUrl":"https:\/\/thermoblend.com.br\/home\/wp-content\/uploads\/2025\/02\/thermoblend_aero-2.png","width":1536,"height":768},{"@type":"BreadcrumbList","@id":"https:\/\/thermoblend.com.br\/home\/compositos-com-reforco-mineral-e-fibra-a-revolucao-da-thermoblend-39\/#breadcrumb","itemListElement":[{"@type":"ListItem","position":1,"name":"In\u00edcio","item":"https:\/\/thermoblend.com.br\/home\/"},{"@type":"ListItem","position":2,"name":"Comp\u00f3sitos com Refor\u00e7o Mineral e Fibra: A Revolu\u00e7\u00e3o da Thermoblend"}]},{"@type":"WebSite","@id":"https:\/\/thermoblend.com.br\/home\/#website","url":"https:\/\/thermoblend.com.br\/home\/","name":"Thermoblend","description":"Compostos para o futuro","publisher":{"@id":"https:\/\/thermoblend.com.br\/home\/#organization"},"potentialAction":[{"@type":"SearchAction","target":{"@type":"EntryPoint","urlTemplate":"https:\/\/thermoblend.com.br\/home\/?s={search_term_string}"},"query-input":{"@type":"PropertyValueSpecification","valueRequired":true,"valueName":"search_term_string"}}],"inLanguage":"pt-BR"},{"@type":"Organization","@id":"https:\/\/thermoblend.com.br\/home\/#organization","name":"Thermoblend","url":"https:\/\/thermoblend.com.br\/home\/","logo":{"@type":"ImageObject","inLanguage":"pt-BR","@id":"https:\/\/thermoblend.com.br\/home\/#\/schema\/logo\/image\/","url":"https:\/\/thermoblend.com.br\/home\/wp-content\/uploads\/2025\/02\/Z286-Website-Thermoblend5.png","contentUrl":"https:\/\/thermoblend.com.br\/home\/wp-content\/uploads\/2025\/02\/Z286-Website-Thermoblend5.png","width":1920,"height":284,"caption":"Thermoblend"},"image":{"@id":"https:\/\/thermoblend.com.br\/home\/#\/schema\/logo\/image\/"}},{"@type":"Person","@id":"https:\/\/thermoblend.com.br\/home\/#\/schema\/person\/954f51992e18d7780ef0e56895a70f77","name":"SEO","image":{"@type":"ImageObject","inLanguage":"pt-BR","@id":"https:\/\/thermoblend.com.br\/home\/#\/schema\/person\/image\/","url":"https:\/\/secure.gravatar.com\/avatar\/be5b30c70f6013b0fddc17b6b746f0aecfd0d05fbd3325b28d071b7a5a40da96?s=96&d=mm&r=g","contentUrl":"https:\/\/secure.gravatar.com\/avatar\/be5b30c70f6013b0fddc17b6b746f0aecfd0d05fbd3325b28d071b7a5a40da96?s=96&d=mm&r=g","caption":"SEO"},"url":"https:\/\/thermoblend.com.br\/home\/author\/seo\/"}]}},"_links":{"self":[{"href":"https:\/\/thermoblend.com.br\/home\/wp-json\/wp\/v2\/posts\/23609","targetHints":{"allow":["GET"]}}],"collection":[{"href":"https:\/\/thermoblend.com.br\/home\/wp-json\/wp\/v2\/posts"}],"about":[{"href":"https:\/\/thermoblend.com.br\/home\/wp-json\/wp\/v2\/types\/post"}],"author":[{"embeddable":true,"href":"https:\/\/thermoblend.com.br\/home\/wp-json\/wp\/v2\/users\/2"}],"replies":[{"embeddable":true,"href":"https:\/\/thermoblend.com.br\/home\/wp-json\/wp\/v2\/comments?post=23609"}],"version-history":[{"count":0,"href":"https:\/\/thermoblend.com.br\/home\/wp-json\/wp\/v2\/posts\/23609\/revisions"}],"wp:featuredmedia":[{"embeddable":true,"href":"https:\/\/thermoblend.com.br\/home\/wp-json\/wp\/v2\/media\/257"}],"wp:attachment":[{"href":"https:\/\/thermoblend.com.br\/home\/wp-json\/wp\/v2\/media?parent=23609"}],"wp:term":[{"taxonomy":"category","embeddable":true,"href":"https:\/\/thermoblend.com.br\/home\/wp-json\/wp\/v2\/categories?post=23609"},{"taxonomy":"post_tag","embeddable":true,"href":"https:\/\/thermoblend.com.br\/home\/wp-json\/wp\/v2\/tags?post=23609"}],"curies":[{"name":"wp","href":"https:\/\/api.w.org\/{rel}","templated":true}]}}