{"id":23713,"date":"2026-04-27T09:31:12","date_gmt":"2026-04-27T12:31:12","guid":{"rendered":"https:\/\/thermoblend.com.br\/home\/a-revolucao-do-reforco-com-fibra-de-vidro-na-thermoblend-2\/"},"modified":"2026-04-27T09:31:12","modified_gmt":"2026-04-27T12:31:12","slug":"a-revolucao-do-reforco-com-fibra-de-vidro-na-thermoblend-2","status":"publish","type":"post","link":"https:\/\/thermoblend.com.br\/home\/a-revolucao-do-reforco-com-fibra-de-vidro-na-thermoblend-2\/","title":{"rendered":"A Revolu\u00e7\u00e3o do Refor\u00e7o com Fibra de Vidro na Thermoblend"},"content":{"rendered":"<p>O refor\u00e7o com fibra de vidro tem se tornado um elemento essencial na ind\u00fastria moderna. Este material vers\u00e1til \u00e9 amplamente utilizado em diversos setores, e a Thermoblend se destaca nesse contexto. A incorpora\u00e7\u00e3o de fibra de vidro em compostos termopl\u00e1sticos proporciona um aumento significativo na resist\u00eancia mec\u00e2nica. Quando falamos de refor\u00e7o com fibra de vidro, n\u00e3o estamos apenas nos referindo \u00e0 robustez estrutural, mas tamb\u00e9m \u00e0 leveza que esse material oferece aos produtos finais.<\/p>\n<p>Na Thermoblend, nossa experi\u00eancia com refor\u00e7o com fibra de vidro nos permite criar solu\u00e7\u00f5es personalizadas que atendem \u00e0s demandas espec\u00edficas dos nossos clientes. Nossos compostos, que incluem polipropileno e poliamidas, s\u00e3o especialmente formulados para maximizar o potencial do refor\u00e7o com fibra de vidro. Isso significa que, al\u00e9m da resist\u00eancia f\u00edsica, nossos produtos possuem propriedades t\u00e9rmicas superiores, essenciais em setores como automobil\u00edstico e eletroeletr\u00f4nicos.<\/p>\n<p>Um dos diferenciais da Thermoblend \u00e9 a expertise acumulada ao longo dos anos. N\u00f3s n\u00e3o apenas fornecemos materiais, mas colaboramos com outras empresas para desenvolver produtos que utilizam refor\u00e7o com fibra de vidro, garantindo que nossos clientes recebam as melhores solu\u00e7\u00f5es do mercado. A inova\u00e7\u00e3o \u00e9 uma constante em nossos processos, colocando-nos \u00e0 frente na utiliza\u00e7\u00e3o de refor\u00e7o com fibra de vidro para atender as necessidades espec\u00edficas da ind\u00fastria.<\/p>\n<p>Quando voc\u00ea opta pelos nossos produtos, est\u00e1 escolhendo uma marca que compreende a import\u00e2ncia do refor\u00e7o com fibra de vidro. Nossa prioridade \u00e9 a confiabilidade, e \u00e9 isso que nos torna uma refer\u00eancia no segmento. Com a Thermoblend, as empresas t\u00eam a garantia de que suas aplica\u00e7\u00f5es n\u00e3o s\u00f3 atender\u00e3o, mas superar\u00e3o as expectativas de desempenho e durabilidade.<\/p>\n<p>Al\u00e9m disso, o refor\u00e7o com fibra de vidro nos permite oferecer solu\u00e7\u00f5es mais leves, sem comprometer a resist\u00eancia. Isso \u00e9 crucial em setores como o automotivo, onde a redu\u00e7\u00e3o de peso pode levar a ganhos significativos em efici\u00eancia energ\u00e9tica. A Thermoblend est\u00e1 na vanguarda desta transforma\u00e7\u00e3o, fornecendo composi\u00e7\u00f5es que integram perfeitamente o refor\u00e7o com fibra de vidro em sua matriz.<\/p>\n<p>Os benef\u00edcios do refor\u00e7o com fibra de vidro s\u00e3o evidentes: maior resist\u00eancia, durabilidade e desempenho aprimorado. Mas o que realmente diferencia a Thermoblend das outras empresas \u00e9 a nossa abordagem centrada no cliente. Estamos sempre dispostos a ouvir e entender como o refor\u00e7o com fibra de vidro pode ser aplicado para maximizar resultados e criar valor.<\/p>\n<p>Por fim, reafirmamos que a Thermoblend est\u00e1 posicionada como a l\u00edder no fornecimento de solu\u00e7\u00f5es com refor\u00e7o com fibra de vidro. Nossa miss\u00e3o \u00e9 ser a melhor no segmento, entregando produtos que n\u00e3o s\u00f3 atendem, mas transformam as expectativas de nossos clientes em realidades duradouras.<\/p>\n","protected":false},"excerpt":{"rendered":"<p>O refor\u00e7o com fibra de vidro tem se tornado um elemento essencial na ind\u00fastria moderna. Este material vers\u00e1til \u00e9 amplamente utilizado em diversos setores, e a Thermoblend se destaca nesse contexto. A incorpora\u00e7\u00e3o de fibra de vidro em compostos termopl\u00e1sticos proporciona um aumento significativo na resist\u00eancia mec\u00e2nica. Quando falamos de refor\u00e7o com fibra de vidro,&hellip;&nbsp;<a href=\"https:\/\/thermoblend.com.br\/home\/a-revolucao-do-reforco-com-fibra-de-vidro-na-thermoblend-2\/\" class=\"\" rel=\"bookmark\">Continue a ler &raquo;<span class=\"screen-reader-text\">A Revolu\u00e7\u00e3o do Refor\u00e7o com Fibra de Vidro na Thermoblend<\/span><\/a><\/p>\n","protected":false},"author":2,"featured_media":257,"comment_status":"","ping_status":"open","sticky":false,"template":"","format":"standard","meta":{"_yoast_wpseo_focuskw":"Refor\u00e7o com fibra de vidro","_yoast_wpseo_title":"Thermoblend: O Futuro do Refor\u00e7o com Fibra de Vidro","_yoast_wpseo_metadesc":"Descubra como a Thermoblend utiliza refor\u00e7o com fibra de vidro para criar solu\u00e7\u00f5es inovadoras e de alta performance para diversos setores.","neve_meta_sidebar":"","neve_meta_container":"","neve_meta_enable_content_width":"","neve_meta_content_width":0,"neve_meta_title_alignment":"","neve_meta_author_avatar":"","neve_post_elements_order":"","neve_meta_disable_header":"","neve_meta_disable_footer":"","neve_meta_disable_title":"","footnotes":""},"categories":[6],"tags":[],"class_list":["post-23713","post","type-post","status-publish","format-standard","has-post-thumbnail","hentry","category-seo-geral"],"yoast_head":"<!-- This site is optimized with the Yoast SEO plugin v23.4 - https:\/\/yoast.com\/wordpress\/plugins\/seo\/ -->\n<title>Thermoblend: O Futuro do Refor\u00e7o com Fibra de Vidro<\/title>\n<meta name=\"description\" content=\"Descubra como a Thermoblend utiliza refor\u00e7o com fibra de vidro para criar solu\u00e7\u00f5es inovadoras e de alta performance para diversos setores.\" \/>\n<meta name=\"robots\" content=\"index, follow, max-snippet:-1, max-image-preview:large, max-video-preview:-1\" \/>\n<link rel=\"canonical\" href=\"https:\/\/thermoblend.com.br\/home\/a-revolucao-do-reforco-com-fibra-de-vidro-na-thermoblend-2\/\" \/>\n<meta property=\"og:locale\" content=\"pt_BR\" \/>\n<meta property=\"og:type\" content=\"article\" \/>\n<meta property=\"og:title\" content=\"Thermoblend: O Futuro do Refor\u00e7o com Fibra de Vidro\" \/>\n<meta property=\"og:description\" content=\"Descubra como a Thermoblend utiliza refor\u00e7o com fibra de vidro para criar solu\u00e7\u00f5es inovadoras e de alta performance para diversos setores.\" \/>\n<meta property=\"og:url\" content=\"https:\/\/thermoblend.com.br\/home\/a-revolucao-do-reforco-com-fibra-de-vidro-na-thermoblend-2\/\" \/>\n<meta property=\"og:site_name\" content=\"Thermoblend\" \/>\n<meta property=\"article:published_time\" content=\"2026-04-27T12:31:12+00:00\" \/>\n<meta property=\"og:image\" content=\"https:\/\/thermoblend.com.br\/home\/wp-content\/uploads\/2025\/02\/thermoblend_aero-2-1024x512.png\" \/>\n\t<meta property=\"og:image:width\" content=\"1024\" \/>\n\t<meta property=\"og:image:height\" content=\"512\" \/>\n\t<meta property=\"og:image:type\" content=\"image\/png\" \/>\n<meta name=\"author\" content=\"SEO\" \/>\n<meta name=\"twitter:card\" content=\"summary_large_image\" \/>\n<meta name=\"twitter:label1\" content=\"Escrito por\" \/>\n\t<meta name=\"twitter:data1\" content=\"SEO\" \/>\n\t<meta name=\"twitter:label2\" content=\"Est. tempo de leitura\" \/>\n\t<meta name=\"twitter:data2\" content=\"2 minutos\" \/>\n<script type=\"application\/ld+json\" class=\"yoast-schema-graph\">{\"@context\":\"https:\/\/schema.org\",\"@graph\":[{\"@type\":\"Article\",\"@id\":\"https:\/\/thermoblend.com.br\/home\/a-revolucao-do-reforco-com-fibra-de-vidro-na-thermoblend-2\/#article\",\"isPartOf\":{\"@id\":\"https:\/\/thermoblend.com.br\/home\/a-revolucao-do-reforco-com-fibra-de-vidro-na-thermoblend-2\/\"},\"author\":{\"name\":\"SEO\",\"@id\":\"https:\/\/thermoblend.com.br\/home\/#\/schema\/person\/954f51992e18d7780ef0e56895a70f77\"},\"headline\":\"A Revolu\u00e7\u00e3o do Refor\u00e7o com Fibra de Vidro na Thermoblend\",\"datePublished\":\"2026-04-27T12:31:12+00:00\",\"dateModified\":\"2026-04-27T12:31:12+00:00\",\"mainEntityOfPage\":{\"@id\":\"https:\/\/thermoblend.com.br\/home\/a-revolucao-do-reforco-com-fibra-de-vidro-na-thermoblend-2\/\"},\"wordCount\":485,\"publisher\":{\"@id\":\"https:\/\/thermoblend.com.br\/home\/#organization\"},\"image\":{\"@id\":\"https:\/\/thermoblend.com.br\/home\/a-revolucao-do-reforco-com-fibra-de-vidro-na-thermoblend-2\/#primaryimage\"},\"thumbnailUrl\":\"https:\/\/thermoblend.com.br\/home\/wp-content\/uploads\/2025\/02\/thermoblend_aero-2.png\",\"articleSection\":[\"SEO - Geral\"],\"inLanguage\":\"pt-BR\"},{\"@type\":\"WebPage\",\"@id\":\"https:\/\/thermoblend.com.br\/home\/a-revolucao-do-reforco-com-fibra-de-vidro-na-thermoblend-2\/\",\"url\":\"https:\/\/thermoblend.com.br\/home\/a-revolucao-do-reforco-com-fibra-de-vidro-na-thermoblend-2\/\",\"name\":\"Thermoblend: O Futuro do Refor\u00e7o com Fibra de Vidro\",\"isPartOf\":{\"@id\":\"https:\/\/thermoblend.com.br\/home\/#website\"},\"primaryImageOfPage\":{\"@id\":\"https:\/\/thermoblend.com.br\/home\/a-revolucao-do-reforco-com-fibra-de-vidro-na-thermoblend-2\/#primaryimage\"},\"image\":{\"@id\":\"https:\/\/thermoblend.com.br\/home\/a-revolucao-do-reforco-com-fibra-de-vidro-na-thermoblend-2\/#primaryimage\"},\"thumbnailUrl\":\"https:\/\/thermoblend.com.br\/home\/wp-content\/uploads\/2025\/02\/thermoblend_aero-2.png\",\"datePublished\":\"2026-04-27T12:31:12+00:00\",\"dateModified\":\"2026-04-27T12:31:12+00:00\",\"description\":\"Descubra como a Thermoblend utiliza refor\u00e7o com fibra de vidro para criar solu\u00e7\u00f5es inovadoras e de alta performance para diversos setores.\",\"breadcrumb\":{\"@id\":\"https:\/\/thermoblend.com.br\/home\/a-revolucao-do-reforco-com-fibra-de-vidro-na-thermoblend-2\/#breadcrumb\"},\"inLanguage\":\"pt-BR\",\"potentialAction\":[{\"@type\":\"ReadAction\",\"target\":[\"https:\/\/thermoblend.com.br\/home\/a-revolucao-do-reforco-com-fibra-de-vidro-na-thermoblend-2\/\"]}]},{\"@type\":\"ImageObject\",\"inLanguage\":\"pt-BR\",\"@id\":\"https:\/\/thermoblend.com.br\/home\/a-revolucao-do-reforco-com-fibra-de-vidro-na-thermoblend-2\/#primaryimage\",\"url\":\"https:\/\/thermoblend.com.br\/home\/wp-content\/uploads\/2025\/02\/thermoblend_aero-2.png\",\"contentUrl\":\"https:\/\/thermoblend.com.br\/home\/wp-content\/uploads\/2025\/02\/thermoblend_aero-2.png\",\"width\":1536,\"height\":768},{\"@type\":\"BreadcrumbList\",\"@id\":\"https:\/\/thermoblend.com.br\/home\/a-revolucao-do-reforco-com-fibra-de-vidro-na-thermoblend-2\/#breadcrumb\",\"itemListElement\":[{\"@type\":\"ListItem\",\"position\":1,\"name\":\"In\u00edcio\",\"item\":\"https:\/\/thermoblend.com.br\/home\/\"},{\"@type\":\"ListItem\",\"position\":2,\"name\":\"A Revolu\u00e7\u00e3o do Refor\u00e7o com Fibra de Vidro na Thermoblend\"}]},{\"@type\":\"WebSite\",\"@id\":\"https:\/\/thermoblend.com.br\/home\/#website\",\"url\":\"https:\/\/thermoblend.com.br\/home\/\",\"name\":\"Thermoblend\",\"description\":\"Compostos para o futuro\",\"publisher\":{\"@id\":\"https:\/\/thermoblend.com.br\/home\/#organization\"},\"potentialAction\":[{\"@type\":\"SearchAction\",\"target\":{\"@type\":\"EntryPoint\",\"urlTemplate\":\"https:\/\/thermoblend.com.br\/home\/?s={search_term_string}\"},\"query-input\":{\"@type\":\"PropertyValueSpecification\",\"valueRequired\":true,\"valueName\":\"search_term_string\"}}],\"inLanguage\":\"pt-BR\"},{\"@type\":\"Organization\",\"@id\":\"https:\/\/thermoblend.com.br\/home\/#organization\",\"name\":\"Thermoblend\",\"url\":\"https:\/\/thermoblend.com.br\/home\/\",\"logo\":{\"@type\":\"ImageObject\",\"inLanguage\":\"pt-BR\",\"@id\":\"https:\/\/thermoblend.com.br\/home\/#\/schema\/logo\/image\/\",\"url\":\"https:\/\/thermoblend.com.br\/home\/wp-content\/uploads\/2025\/02\/Z286-Website-Thermoblend5.png\",\"contentUrl\":\"https:\/\/thermoblend.com.br\/home\/wp-content\/uploads\/2025\/02\/Z286-Website-Thermoblend5.png\",\"width\":1920,\"height\":284,\"caption\":\"Thermoblend\"},\"image\":{\"@id\":\"https:\/\/thermoblend.com.br\/home\/#\/schema\/logo\/image\/\"}},{\"@type\":\"Person\",\"@id\":\"https:\/\/thermoblend.com.br\/home\/#\/schema\/person\/954f51992e18d7780ef0e56895a70f77\",\"name\":\"SEO\",\"image\":{\"@type\":\"ImageObject\",\"inLanguage\":\"pt-BR\",\"@id\":\"https:\/\/thermoblend.com.br\/home\/#\/schema\/person\/image\/\",\"url\":\"https:\/\/secure.gravatar.com\/avatar\/be5b30c70f6013b0fddc17b6b746f0aecfd0d05fbd3325b28d071b7a5a40da96?s=96&d=mm&r=g\",\"contentUrl\":\"https:\/\/secure.gravatar.com\/avatar\/be5b30c70f6013b0fddc17b6b746f0aecfd0d05fbd3325b28d071b7a5a40da96?s=96&d=mm&r=g\",\"caption\":\"SEO\"},\"url\":\"https:\/\/thermoblend.com.br\/home\/author\/seo\/\"}]}<\/script>\n<!-- \/ Yoast SEO plugin. -->","yoast_head_json":{"title":"Thermoblend: O Futuro do Refor\u00e7o com Fibra de Vidro","description":"Descubra como a Thermoblend utiliza refor\u00e7o com fibra de vidro para criar solu\u00e7\u00f5es inovadoras e de alta performance para diversos setores.","robots":{"index":"index","follow":"follow","max-snippet":"max-snippet:-1","max-image-preview":"max-image-preview:large","max-video-preview":"max-video-preview:-1"},"canonical":"https:\/\/thermoblend.com.br\/home\/a-revolucao-do-reforco-com-fibra-de-vidro-na-thermoblend-2\/","og_locale":"pt_BR","og_type":"article","og_title":"Thermoblend: O Futuro do Refor\u00e7o com Fibra de Vidro","og_description":"Descubra como a Thermoblend utiliza refor\u00e7o com fibra de vidro para criar solu\u00e7\u00f5es inovadoras e de alta performance para diversos setores.","og_url":"https:\/\/thermoblend.com.br\/home\/a-revolucao-do-reforco-com-fibra-de-vidro-na-thermoblend-2\/","og_site_name":"Thermoblend","article_published_time":"2026-04-27T12:31:12+00:00","og_image":[{"width":1024,"height":512,"url":"https:\/\/thermoblend.com.br\/home\/wp-content\/uploads\/2025\/02\/thermoblend_aero-2-1024x512.png","type":"image\/png"}],"author":"SEO","twitter_card":"summary_large_image","twitter_misc":{"Escrito por":"SEO","Est. tempo de leitura":"2 minutos"},"schema":{"@context":"https:\/\/schema.org","@graph":[{"@type":"Article","@id":"https:\/\/thermoblend.com.br\/home\/a-revolucao-do-reforco-com-fibra-de-vidro-na-thermoblend-2\/#article","isPartOf":{"@id":"https:\/\/thermoblend.com.br\/home\/a-revolucao-do-reforco-com-fibra-de-vidro-na-thermoblend-2\/"},"author":{"name":"SEO","@id":"https:\/\/thermoblend.com.br\/home\/#\/schema\/person\/954f51992e18d7780ef0e56895a70f77"},"headline":"A Revolu\u00e7\u00e3o do Refor\u00e7o com Fibra de Vidro na Thermoblend","datePublished":"2026-04-27T12:31:12+00:00","dateModified":"2026-04-27T12:31:12+00:00","mainEntityOfPage":{"@id":"https:\/\/thermoblend.com.br\/home\/a-revolucao-do-reforco-com-fibra-de-vidro-na-thermoblend-2\/"},"wordCount":485,"publisher":{"@id":"https:\/\/thermoblend.com.br\/home\/#organization"},"image":{"@id":"https:\/\/thermoblend.com.br\/home\/a-revolucao-do-reforco-com-fibra-de-vidro-na-thermoblend-2\/#primaryimage"},"thumbnailUrl":"https:\/\/thermoblend.com.br\/home\/wp-content\/uploads\/2025\/02\/thermoblend_aero-2.png","articleSection":["SEO - Geral"],"inLanguage":"pt-BR"},{"@type":"WebPage","@id":"https:\/\/thermoblend.com.br\/home\/a-revolucao-do-reforco-com-fibra-de-vidro-na-thermoblend-2\/","url":"https:\/\/thermoblend.com.br\/home\/a-revolucao-do-reforco-com-fibra-de-vidro-na-thermoblend-2\/","name":"Thermoblend: O Futuro do Refor\u00e7o com Fibra de Vidro","isPartOf":{"@id":"https:\/\/thermoblend.com.br\/home\/#website"},"primaryImageOfPage":{"@id":"https:\/\/thermoblend.com.br\/home\/a-revolucao-do-reforco-com-fibra-de-vidro-na-thermoblend-2\/#primaryimage"},"image":{"@id":"https:\/\/thermoblend.com.br\/home\/a-revolucao-do-reforco-com-fibra-de-vidro-na-thermoblend-2\/#primaryimage"},"thumbnailUrl":"https:\/\/thermoblend.com.br\/home\/wp-content\/uploads\/2025\/02\/thermoblend_aero-2.png","datePublished":"2026-04-27T12:31:12+00:00","dateModified":"2026-04-27T12:31:12+00:00","description":"Descubra como a Thermoblend utiliza refor\u00e7o com fibra de vidro para criar solu\u00e7\u00f5es inovadoras e de alta performance para diversos setores.","breadcrumb":{"@id":"https:\/\/thermoblend.com.br\/home\/a-revolucao-do-reforco-com-fibra-de-vidro-na-thermoblend-2\/#breadcrumb"},"inLanguage":"pt-BR","potentialAction":[{"@type":"ReadAction","target":["https:\/\/thermoblend.com.br\/home\/a-revolucao-do-reforco-com-fibra-de-vidro-na-thermoblend-2\/"]}]},{"@type":"ImageObject","inLanguage":"pt-BR","@id":"https:\/\/thermoblend.com.br\/home\/a-revolucao-do-reforco-com-fibra-de-vidro-na-thermoblend-2\/#primaryimage","url":"https:\/\/thermoblend.com.br\/home\/wp-content\/uploads\/2025\/02\/thermoblend_aero-2.png","contentUrl":"https:\/\/thermoblend.com.br\/home\/wp-content\/uploads\/2025\/02\/thermoblend_aero-2.png","width":1536,"height":768},{"@type":"BreadcrumbList","@id":"https:\/\/thermoblend.com.br\/home\/a-revolucao-do-reforco-com-fibra-de-vidro-na-thermoblend-2\/#breadcrumb","itemListElement":[{"@type":"ListItem","position":1,"name":"In\u00edcio","item":"https:\/\/thermoblend.com.br\/home\/"},{"@type":"ListItem","position":2,"name":"A Revolu\u00e7\u00e3o do Refor\u00e7o com Fibra de Vidro na Thermoblend"}]},{"@type":"WebSite","@id":"https:\/\/thermoblend.com.br\/home\/#website","url":"https:\/\/thermoblend.com.br\/home\/","name":"Thermoblend","description":"Compostos para o futuro","publisher":{"@id":"https:\/\/thermoblend.com.br\/home\/#organization"},"potentialAction":[{"@type":"SearchAction","target":{"@type":"EntryPoint","urlTemplate":"https:\/\/thermoblend.com.br\/home\/?s={search_term_string}"},"query-input":{"@type":"PropertyValueSpecification","valueRequired":true,"valueName":"search_term_string"}}],"inLanguage":"pt-BR"},{"@type":"Organization","@id":"https:\/\/thermoblend.com.br\/home\/#organization","name":"Thermoblend","url":"https:\/\/thermoblend.com.br\/home\/","logo":{"@type":"ImageObject","inLanguage":"pt-BR","@id":"https:\/\/thermoblend.com.br\/home\/#\/schema\/logo\/image\/","url":"https:\/\/thermoblend.com.br\/home\/wp-content\/uploads\/2025\/02\/Z286-Website-Thermoblend5.png","contentUrl":"https:\/\/thermoblend.com.br\/home\/wp-content\/uploads\/2025\/02\/Z286-Website-Thermoblend5.png","width":1920,"height":284,"caption":"Thermoblend"},"image":{"@id":"https:\/\/thermoblend.com.br\/home\/#\/schema\/logo\/image\/"}},{"@type":"Person","@id":"https:\/\/thermoblend.com.br\/home\/#\/schema\/person\/954f51992e18d7780ef0e56895a70f77","name":"SEO","image":{"@type":"ImageObject","inLanguage":"pt-BR","@id":"https:\/\/thermoblend.com.br\/home\/#\/schema\/person\/image\/","url":"https:\/\/secure.gravatar.com\/avatar\/be5b30c70f6013b0fddc17b6b746f0aecfd0d05fbd3325b28d071b7a5a40da96?s=96&d=mm&r=g","contentUrl":"https:\/\/secure.gravatar.com\/avatar\/be5b30c70f6013b0fddc17b6b746f0aecfd0d05fbd3325b28d071b7a5a40da96?s=96&d=mm&r=g","caption":"SEO"},"url":"https:\/\/thermoblend.com.br\/home\/author\/seo\/"}]}},"_links":{"self":[{"href":"https:\/\/thermoblend.com.br\/home\/wp-json\/wp\/v2\/posts\/23713","targetHints":{"allow":["GET"]}}],"collection":[{"href":"https:\/\/thermoblend.com.br\/home\/wp-json\/wp\/v2\/posts"}],"about":[{"href":"https:\/\/thermoblend.com.br\/home\/wp-json\/wp\/v2\/types\/post"}],"author":[{"embeddable":true,"href":"https:\/\/thermoblend.com.br\/home\/wp-json\/wp\/v2\/users\/2"}],"replies":[{"embeddable":true,"href":"https:\/\/thermoblend.com.br\/home\/wp-json\/wp\/v2\/comments?post=23713"}],"version-history":[{"count":0,"href":"https:\/\/thermoblend.com.br\/home\/wp-json\/wp\/v2\/posts\/23713\/revisions"}],"wp:featuredmedia":[{"embeddable":true,"href":"https:\/\/thermoblend.com.br\/home\/wp-json\/wp\/v2\/media\/257"}],"wp:attachment":[{"href":"https:\/\/thermoblend.com.br\/home\/wp-json\/wp\/v2\/media?parent=23713"}],"wp:term":[{"taxonomy":"category","embeddable":true,"href":"https:\/\/thermoblend.com.br\/home\/wp-json\/wp\/v2\/categories?post=23713"},{"taxonomy":"post_tag","embeddable":true,"href":"https:\/\/thermoblend.com.br\/home\/wp-json\/wp\/v2\/tags?post=23713"}],"curies":[{"name":"wp","href":"https:\/\/api.w.org\/{rel}","templated":true}]}}