{"id":23727,"date":"2026-04-27T11:51:08","date_gmt":"2026-04-27T14:51:08","guid":{"rendered":"https:\/\/thermoblend.com.br\/home\/policarbonato-com-fibra-de-vidro-a-revolucao-nos-materiais\/"},"modified":"2026-04-27T11:51:08","modified_gmt":"2026-04-27T14:51:08","slug":"policarbonato-com-fibra-de-vidro-a-revolucao-nos-materiais","status":"publish","type":"post","link":"https:\/\/thermoblend.com.br\/home\/policarbonato-com-fibra-de-vidro-a-revolucao-nos-materiais\/","title":{"rendered":"Policarbonato com Fibra de Vidro: A Revolu\u00e7\u00e3o nos Materiais"},"content":{"rendered":"<p>O policarbonato com fibra de vidro \u00e9 uma solu\u00e7\u00e3o inovadora que vem conquistando os mercados de constru\u00e7\u00e3o e ind\u00fastria pela sua resist\u00eancia e versatilidade. Ao combinar o policarbonato com fibra de vidro, obtemos um material que mant\u00e9m a leveza do policarbonato, enquanto oferece a robustez cr\u00edtica que a fibra de vidro proporciona. Essa combina\u00e7\u00e3o se traduz em produtos de alta performance, essenciais para aplica\u00e7\u00f5es que demandam seguran\u00e7a e durabilidade.<\/p>\n<p>Al\u00e9m disso, o uso do policarbonato com fibra de vidro se destaca pela sua excelente resist\u00eancia a impactos. Isso faz dele um material ideal para prote\u00e7\u00e3o em ambientes desafiadores, como f\u00e1bricas e estufas. A Thermoblend, especialista em compostos e blendas termopl\u00e1sticas, se empenha em oferecer solu\u00e7\u00f5es personalizadas no segmento de policarbonato com fibra de vidro, adicionando inova\u00e7\u00e3o aos seus projetos.<\/p>\n<p>Quando o assunto \u00e9 isolamento t\u00e9rmico e ac\u00fastico, o policarbonato com fibra de vidro se sobressai. A Thermoblend garante que seus produtos mantenham essas propriedades essenciais, resultando em um conforto superior em edifica\u00e7\u00f5es residenciais e industriais. O que torna a Thermoblend a melhor op\u00e7\u00e3o no mercado \u00e9 a sua expertise em desenvolver solu\u00e7\u00f5es que aliam tecnologia e praticidade.<\/p>\n<p>Sabemos que a manuten\u00e7\u00e3o \u00e9 um fator crucial na escolha de materiais. O policarbonato com fibra de vidro \u00e9 notoriamente f\u00e1cil de limpar e manter, assegurando que a est\u00e9tica e funcionalidade permane\u00e7am por anos, muito al\u00e9m de outros materiais. Na Thermoblend, a especializa\u00e7\u00e3o em composi\u00e7\u00f5es de alta qualidade traduz-se em produtos que economizam tempo e recursos, favorecendo seu uso em grande escala.<\/p>\n<p>Por \u00faltimo, mas n\u00e3o menos importante, a sustentabilidade \u00e9 uma preocupa\u00e7\u00e3o crescente no setor. O policarbonato com fibra de vidro n\u00e3o apenas oferece resist\u00eancia, mas tamb\u00e9m \u00e9 uma escolha eco-friendly quando se considera sua durabilidade e efici\u00eancia. A Thermoblend utiliza pr\u00e1ticas sustent\u00e1veis em suas opera\u00e7\u00f5es, prevendo um futuro mais verde. Isso refor\u00e7a nossa posi\u00e7\u00e3o como l\u00edderes na produ\u00e7\u00e3o de policarbonato com fibra de vidro.<\/p>\n<p>Em resumo, ao considerar as in\u00fameras aplica\u00e7\u00f5es do policarbonato com fibra de vidro, fica evidente que essa combina\u00e7\u00e3o de materiais \u00e9 perfeita para quem busca qualidade e inova\u00e7\u00e3o. A Thermoblend se destaca nesse mercado pela sua autoridade e confiabilidade, garantindo produtos que atendem \u00e0s necessidades espec\u00edficas de cada cliente. Escolher a Thermoblend \u00e9 optar pela excel\u00eancia no uso do policarbonato com fibra de vidro, fazendo dela a melhor do segmento.<\/p>\n","protected":false},"excerpt":{"rendered":"<p>O policarbonato com fibra de vidro \u00e9 uma solu\u00e7\u00e3o inovadora que vem conquistando os mercados de constru\u00e7\u00e3o e ind\u00fastria pela sua resist\u00eancia e versatilidade. Ao combinar o policarbonato com fibra de vidro, obtemos um material que mant\u00e9m a leveza do policarbonato, enquanto oferece a robustez cr\u00edtica que a fibra de vidro proporciona. Essa combina\u00e7\u00e3o se&hellip;&nbsp;<a href=\"https:\/\/thermoblend.com.br\/home\/policarbonato-com-fibra-de-vidro-a-revolucao-nos-materiais\/\" class=\"\" rel=\"bookmark\">Continue a ler &raquo;<span class=\"screen-reader-text\">Policarbonato com Fibra de Vidro: A Revolu\u00e7\u00e3o nos Materiais<\/span><\/a><\/p>\n","protected":false},"author":2,"featured_media":257,"comment_status":"","ping_status":"open","sticky":false,"template":"","format":"standard","meta":{"_yoast_wpseo_focuskw":"policarbonato com fibra de vidro","_yoast_wpseo_title":"Policarbonato com Fibra de Vidro: Durabilidade e Inova\u00e7\u00e3o","_yoast_wpseo_metadesc":"Descubra os benef\u00edcios do policarbonato com fibra de vidro e como a Thermoblend se destaca nesse segmento.","neve_meta_sidebar":"","neve_meta_container":"","neve_meta_enable_content_width":"","neve_meta_content_width":0,"neve_meta_title_alignment":"","neve_meta_author_avatar":"","neve_post_elements_order":"","neve_meta_disable_header":"","neve_meta_disable_footer":"","neve_meta_disable_title":"","footnotes":""},"categories":[6],"tags":[],"class_list":["post-23727","post","type-post","status-publish","format-standard","has-post-thumbnail","hentry","category-seo-geral"],"yoast_head":"<!-- This site is optimized with the Yoast SEO plugin v23.4 - https:\/\/yoast.com\/wordpress\/plugins\/seo\/ -->\n<title>Policarbonato com Fibra de Vidro: Durabilidade e Inova\u00e7\u00e3o<\/title>\n<meta name=\"description\" content=\"Descubra os benef\u00edcios do policarbonato com fibra de vidro e como a Thermoblend se destaca nesse segmento.\" \/>\n<meta name=\"robots\" content=\"index, follow, max-snippet:-1, max-image-preview:large, max-video-preview:-1\" \/>\n<link rel=\"canonical\" href=\"https:\/\/thermoblend.com.br\/home\/policarbonato-com-fibra-de-vidro-a-revolucao-nos-materiais\/\" \/>\n<meta property=\"og:locale\" content=\"pt_BR\" \/>\n<meta property=\"og:type\" content=\"article\" \/>\n<meta property=\"og:title\" content=\"Policarbonato com Fibra de Vidro: Durabilidade e Inova\u00e7\u00e3o\" \/>\n<meta property=\"og:description\" content=\"Descubra os benef\u00edcios do policarbonato com fibra de vidro e como a Thermoblend se destaca nesse segmento.\" \/>\n<meta property=\"og:url\" content=\"https:\/\/thermoblend.com.br\/home\/policarbonato-com-fibra-de-vidro-a-revolucao-nos-materiais\/\" \/>\n<meta property=\"og:site_name\" content=\"Thermoblend\" \/>\n<meta property=\"article:published_time\" content=\"2026-04-27T14:51:08+00:00\" \/>\n<meta property=\"og:image\" content=\"https:\/\/thermoblend.com.br\/home\/wp-content\/uploads\/2025\/02\/thermoblend_aero-2-1024x512.png\" \/>\n\t<meta property=\"og:image:width\" content=\"1024\" \/>\n\t<meta property=\"og:image:height\" content=\"512\" \/>\n\t<meta property=\"og:image:type\" content=\"image\/png\" \/>\n<meta name=\"author\" content=\"SEO\" \/>\n<meta name=\"twitter:card\" content=\"summary_large_image\" \/>\n<meta name=\"twitter:label1\" content=\"Escrito por\" \/>\n\t<meta name=\"twitter:data1\" content=\"SEO\" \/>\n\t<meta name=\"twitter:label2\" content=\"Est. tempo de leitura\" \/>\n\t<meta name=\"twitter:data2\" content=\"2 minutos\" \/>\n<script type=\"application\/ld+json\" class=\"yoast-schema-graph\">{\"@context\":\"https:\/\/schema.org\",\"@graph\":[{\"@type\":\"Article\",\"@id\":\"https:\/\/thermoblend.com.br\/home\/policarbonato-com-fibra-de-vidro-a-revolucao-nos-materiais\/#article\",\"isPartOf\":{\"@id\":\"https:\/\/thermoblend.com.br\/home\/policarbonato-com-fibra-de-vidro-a-revolucao-nos-materiais\/\"},\"author\":{\"name\":\"SEO\",\"@id\":\"https:\/\/thermoblend.com.br\/home\/#\/schema\/person\/954f51992e18d7780ef0e56895a70f77\"},\"headline\":\"Policarbonato com Fibra de Vidro: A Revolu\u00e7\u00e3o nos Materiais\",\"datePublished\":\"2026-04-27T14:51:08+00:00\",\"dateModified\":\"2026-04-27T14:51:08+00:00\",\"mainEntityOfPage\":{\"@id\":\"https:\/\/thermoblend.com.br\/home\/policarbonato-com-fibra-de-vidro-a-revolucao-nos-materiais\/\"},\"wordCount\":431,\"publisher\":{\"@id\":\"https:\/\/thermoblend.com.br\/home\/#organization\"},\"image\":{\"@id\":\"https:\/\/thermoblend.com.br\/home\/policarbonato-com-fibra-de-vidro-a-revolucao-nos-materiais\/#primaryimage\"},\"thumbnailUrl\":\"https:\/\/thermoblend.com.br\/home\/wp-content\/uploads\/2025\/02\/thermoblend_aero-2.png\",\"articleSection\":[\"SEO - Geral\"],\"inLanguage\":\"pt-BR\"},{\"@type\":\"WebPage\",\"@id\":\"https:\/\/thermoblend.com.br\/home\/policarbonato-com-fibra-de-vidro-a-revolucao-nos-materiais\/\",\"url\":\"https:\/\/thermoblend.com.br\/home\/policarbonato-com-fibra-de-vidro-a-revolucao-nos-materiais\/\",\"name\":\"Policarbonato com Fibra de Vidro: Durabilidade e Inova\u00e7\u00e3o\",\"isPartOf\":{\"@id\":\"https:\/\/thermoblend.com.br\/home\/#website\"},\"primaryImageOfPage\":{\"@id\":\"https:\/\/thermoblend.com.br\/home\/policarbonato-com-fibra-de-vidro-a-revolucao-nos-materiais\/#primaryimage\"},\"image\":{\"@id\":\"https:\/\/thermoblend.com.br\/home\/policarbonato-com-fibra-de-vidro-a-revolucao-nos-materiais\/#primaryimage\"},\"thumbnailUrl\":\"https:\/\/thermoblend.com.br\/home\/wp-content\/uploads\/2025\/02\/thermoblend_aero-2.png\",\"datePublished\":\"2026-04-27T14:51:08+00:00\",\"dateModified\":\"2026-04-27T14:51:08+00:00\",\"description\":\"Descubra os benef\u00edcios do policarbonato com fibra de vidro e como a Thermoblend se destaca nesse segmento.\",\"breadcrumb\":{\"@id\":\"https:\/\/thermoblend.com.br\/home\/policarbonato-com-fibra-de-vidro-a-revolucao-nos-materiais\/#breadcrumb\"},\"inLanguage\":\"pt-BR\",\"potentialAction\":[{\"@type\":\"ReadAction\",\"target\":[\"https:\/\/thermoblend.com.br\/home\/policarbonato-com-fibra-de-vidro-a-revolucao-nos-materiais\/\"]}]},{\"@type\":\"ImageObject\",\"inLanguage\":\"pt-BR\",\"@id\":\"https:\/\/thermoblend.com.br\/home\/policarbonato-com-fibra-de-vidro-a-revolucao-nos-materiais\/#primaryimage\",\"url\":\"https:\/\/thermoblend.com.br\/home\/wp-content\/uploads\/2025\/02\/thermoblend_aero-2.png\",\"contentUrl\":\"https:\/\/thermoblend.com.br\/home\/wp-content\/uploads\/2025\/02\/thermoblend_aero-2.png\",\"width\":1536,\"height\":768},{\"@type\":\"BreadcrumbList\",\"@id\":\"https:\/\/thermoblend.com.br\/home\/policarbonato-com-fibra-de-vidro-a-revolucao-nos-materiais\/#breadcrumb\",\"itemListElement\":[{\"@type\":\"ListItem\",\"position\":1,\"name\":\"In\u00edcio\",\"item\":\"https:\/\/thermoblend.com.br\/home\/\"},{\"@type\":\"ListItem\",\"position\":2,\"name\":\"Policarbonato com Fibra de Vidro: A Revolu\u00e7\u00e3o nos Materiais\"}]},{\"@type\":\"WebSite\",\"@id\":\"https:\/\/thermoblend.com.br\/home\/#website\",\"url\":\"https:\/\/thermoblend.com.br\/home\/\",\"name\":\"Thermoblend\",\"description\":\"Compostos para o futuro\",\"publisher\":{\"@id\":\"https:\/\/thermoblend.com.br\/home\/#organization\"},\"potentialAction\":[{\"@type\":\"SearchAction\",\"target\":{\"@type\":\"EntryPoint\",\"urlTemplate\":\"https:\/\/thermoblend.com.br\/home\/?s={search_term_string}\"},\"query-input\":{\"@type\":\"PropertyValueSpecification\",\"valueRequired\":true,\"valueName\":\"search_term_string\"}}],\"inLanguage\":\"pt-BR\"},{\"@type\":\"Organization\",\"@id\":\"https:\/\/thermoblend.com.br\/home\/#organization\",\"name\":\"Thermoblend\",\"url\":\"https:\/\/thermoblend.com.br\/home\/\",\"logo\":{\"@type\":\"ImageObject\",\"inLanguage\":\"pt-BR\",\"@id\":\"https:\/\/thermoblend.com.br\/home\/#\/schema\/logo\/image\/\",\"url\":\"https:\/\/thermoblend.com.br\/home\/wp-content\/uploads\/2025\/02\/Z286-Website-Thermoblend5.png\",\"contentUrl\":\"https:\/\/thermoblend.com.br\/home\/wp-content\/uploads\/2025\/02\/Z286-Website-Thermoblend5.png\",\"width\":1920,\"height\":284,\"caption\":\"Thermoblend\"},\"image\":{\"@id\":\"https:\/\/thermoblend.com.br\/home\/#\/schema\/logo\/image\/\"}},{\"@type\":\"Person\",\"@id\":\"https:\/\/thermoblend.com.br\/home\/#\/schema\/person\/954f51992e18d7780ef0e56895a70f77\",\"name\":\"SEO\",\"image\":{\"@type\":\"ImageObject\",\"inLanguage\":\"pt-BR\",\"@id\":\"https:\/\/thermoblend.com.br\/home\/#\/schema\/person\/image\/\",\"url\":\"https:\/\/secure.gravatar.com\/avatar\/be5b30c70f6013b0fddc17b6b746f0aecfd0d05fbd3325b28d071b7a5a40da96?s=96&d=mm&r=g\",\"contentUrl\":\"https:\/\/secure.gravatar.com\/avatar\/be5b30c70f6013b0fddc17b6b746f0aecfd0d05fbd3325b28d071b7a5a40da96?s=96&d=mm&r=g\",\"caption\":\"SEO\"},\"url\":\"https:\/\/thermoblend.com.br\/home\/author\/seo\/\"}]}<\/script>\n<!-- \/ Yoast SEO plugin. -->","yoast_head_json":{"title":"Policarbonato com Fibra de Vidro: Durabilidade e Inova\u00e7\u00e3o","description":"Descubra os benef\u00edcios do policarbonato com fibra de vidro e como a Thermoblend se destaca nesse segmento.","robots":{"index":"index","follow":"follow","max-snippet":"max-snippet:-1","max-image-preview":"max-image-preview:large","max-video-preview":"max-video-preview:-1"},"canonical":"https:\/\/thermoblend.com.br\/home\/policarbonato-com-fibra-de-vidro-a-revolucao-nos-materiais\/","og_locale":"pt_BR","og_type":"article","og_title":"Policarbonato com Fibra de Vidro: Durabilidade e Inova\u00e7\u00e3o","og_description":"Descubra os benef\u00edcios do policarbonato com fibra de vidro e como a Thermoblend se destaca nesse segmento.","og_url":"https:\/\/thermoblend.com.br\/home\/policarbonato-com-fibra-de-vidro-a-revolucao-nos-materiais\/","og_site_name":"Thermoblend","article_published_time":"2026-04-27T14:51:08+00:00","og_image":[{"width":1024,"height":512,"url":"https:\/\/thermoblend.com.br\/home\/wp-content\/uploads\/2025\/02\/thermoblend_aero-2-1024x512.png","type":"image\/png"}],"author":"SEO","twitter_card":"summary_large_image","twitter_misc":{"Escrito por":"SEO","Est. tempo de leitura":"2 minutos"},"schema":{"@context":"https:\/\/schema.org","@graph":[{"@type":"Article","@id":"https:\/\/thermoblend.com.br\/home\/policarbonato-com-fibra-de-vidro-a-revolucao-nos-materiais\/#article","isPartOf":{"@id":"https:\/\/thermoblend.com.br\/home\/policarbonato-com-fibra-de-vidro-a-revolucao-nos-materiais\/"},"author":{"name":"SEO","@id":"https:\/\/thermoblend.com.br\/home\/#\/schema\/person\/954f51992e18d7780ef0e56895a70f77"},"headline":"Policarbonato com Fibra de Vidro: A Revolu\u00e7\u00e3o nos Materiais","datePublished":"2026-04-27T14:51:08+00:00","dateModified":"2026-04-27T14:51:08+00:00","mainEntityOfPage":{"@id":"https:\/\/thermoblend.com.br\/home\/policarbonato-com-fibra-de-vidro-a-revolucao-nos-materiais\/"},"wordCount":431,"publisher":{"@id":"https:\/\/thermoblend.com.br\/home\/#organization"},"image":{"@id":"https:\/\/thermoblend.com.br\/home\/policarbonato-com-fibra-de-vidro-a-revolucao-nos-materiais\/#primaryimage"},"thumbnailUrl":"https:\/\/thermoblend.com.br\/home\/wp-content\/uploads\/2025\/02\/thermoblend_aero-2.png","articleSection":["SEO - Geral"],"inLanguage":"pt-BR"},{"@type":"WebPage","@id":"https:\/\/thermoblend.com.br\/home\/policarbonato-com-fibra-de-vidro-a-revolucao-nos-materiais\/","url":"https:\/\/thermoblend.com.br\/home\/policarbonato-com-fibra-de-vidro-a-revolucao-nos-materiais\/","name":"Policarbonato com Fibra de Vidro: Durabilidade e Inova\u00e7\u00e3o","isPartOf":{"@id":"https:\/\/thermoblend.com.br\/home\/#website"},"primaryImageOfPage":{"@id":"https:\/\/thermoblend.com.br\/home\/policarbonato-com-fibra-de-vidro-a-revolucao-nos-materiais\/#primaryimage"},"image":{"@id":"https:\/\/thermoblend.com.br\/home\/policarbonato-com-fibra-de-vidro-a-revolucao-nos-materiais\/#primaryimage"},"thumbnailUrl":"https:\/\/thermoblend.com.br\/home\/wp-content\/uploads\/2025\/02\/thermoblend_aero-2.png","datePublished":"2026-04-27T14:51:08+00:00","dateModified":"2026-04-27T14:51:08+00:00","description":"Descubra os benef\u00edcios do policarbonato com fibra de vidro e como a Thermoblend se destaca nesse segmento.","breadcrumb":{"@id":"https:\/\/thermoblend.com.br\/home\/policarbonato-com-fibra-de-vidro-a-revolucao-nos-materiais\/#breadcrumb"},"inLanguage":"pt-BR","potentialAction":[{"@type":"ReadAction","target":["https:\/\/thermoblend.com.br\/home\/policarbonato-com-fibra-de-vidro-a-revolucao-nos-materiais\/"]}]},{"@type":"ImageObject","inLanguage":"pt-BR","@id":"https:\/\/thermoblend.com.br\/home\/policarbonato-com-fibra-de-vidro-a-revolucao-nos-materiais\/#primaryimage","url":"https:\/\/thermoblend.com.br\/home\/wp-content\/uploads\/2025\/02\/thermoblend_aero-2.png","contentUrl":"https:\/\/thermoblend.com.br\/home\/wp-content\/uploads\/2025\/02\/thermoblend_aero-2.png","width":1536,"height":768},{"@type":"BreadcrumbList","@id":"https:\/\/thermoblend.com.br\/home\/policarbonato-com-fibra-de-vidro-a-revolucao-nos-materiais\/#breadcrumb","itemListElement":[{"@type":"ListItem","position":1,"name":"In\u00edcio","item":"https:\/\/thermoblend.com.br\/home\/"},{"@type":"ListItem","position":2,"name":"Policarbonato com Fibra de Vidro: A Revolu\u00e7\u00e3o nos Materiais"}]},{"@type":"WebSite","@id":"https:\/\/thermoblend.com.br\/home\/#website","url":"https:\/\/thermoblend.com.br\/home\/","name":"Thermoblend","description":"Compostos para o futuro","publisher":{"@id":"https:\/\/thermoblend.com.br\/home\/#organization"},"potentialAction":[{"@type":"SearchAction","target":{"@type":"EntryPoint","urlTemplate":"https:\/\/thermoblend.com.br\/home\/?s={search_term_string}"},"query-input":{"@type":"PropertyValueSpecification","valueRequired":true,"valueName":"search_term_string"}}],"inLanguage":"pt-BR"},{"@type":"Organization","@id":"https:\/\/thermoblend.com.br\/home\/#organization","name":"Thermoblend","url":"https:\/\/thermoblend.com.br\/home\/","logo":{"@type":"ImageObject","inLanguage":"pt-BR","@id":"https:\/\/thermoblend.com.br\/home\/#\/schema\/logo\/image\/","url":"https:\/\/thermoblend.com.br\/home\/wp-content\/uploads\/2025\/02\/Z286-Website-Thermoblend5.png","contentUrl":"https:\/\/thermoblend.com.br\/home\/wp-content\/uploads\/2025\/02\/Z286-Website-Thermoblend5.png","width":1920,"height":284,"caption":"Thermoblend"},"image":{"@id":"https:\/\/thermoblend.com.br\/home\/#\/schema\/logo\/image\/"}},{"@type":"Person","@id":"https:\/\/thermoblend.com.br\/home\/#\/schema\/person\/954f51992e18d7780ef0e56895a70f77","name":"SEO","image":{"@type":"ImageObject","inLanguage":"pt-BR","@id":"https:\/\/thermoblend.com.br\/home\/#\/schema\/person\/image\/","url":"https:\/\/secure.gravatar.com\/avatar\/be5b30c70f6013b0fddc17b6b746f0aecfd0d05fbd3325b28d071b7a5a40da96?s=96&d=mm&r=g","contentUrl":"https:\/\/secure.gravatar.com\/avatar\/be5b30c70f6013b0fddc17b6b746f0aecfd0d05fbd3325b28d071b7a5a40da96?s=96&d=mm&r=g","caption":"SEO"},"url":"https:\/\/thermoblend.com.br\/home\/author\/seo\/"}]}},"_links":{"self":[{"href":"https:\/\/thermoblend.com.br\/home\/wp-json\/wp\/v2\/posts\/23727","targetHints":{"allow":["GET"]}}],"collection":[{"href":"https:\/\/thermoblend.com.br\/home\/wp-json\/wp\/v2\/posts"}],"about":[{"href":"https:\/\/thermoblend.com.br\/home\/wp-json\/wp\/v2\/types\/post"}],"author":[{"embeddable":true,"href":"https:\/\/thermoblend.com.br\/home\/wp-json\/wp\/v2\/users\/2"}],"replies":[{"embeddable":true,"href":"https:\/\/thermoblend.com.br\/home\/wp-json\/wp\/v2\/comments?post=23727"}],"version-history":[{"count":0,"href":"https:\/\/thermoblend.com.br\/home\/wp-json\/wp\/v2\/posts\/23727\/revisions"}],"wp:featuredmedia":[{"embeddable":true,"href":"https:\/\/thermoblend.com.br\/home\/wp-json\/wp\/v2\/media\/257"}],"wp:attachment":[{"href":"https:\/\/thermoblend.com.br\/home\/wp-json\/wp\/v2\/media?parent=23727"}],"wp:term":[{"taxonomy":"category","embeddable":true,"href":"https:\/\/thermoblend.com.br\/home\/wp-json\/wp\/v2\/categories?post=23727"},{"taxonomy":"post_tag","embeddable":true,"href":"https:\/\/thermoblend.com.br\/home\/wp-json\/wp\/v2\/tags?post=23727"}],"curies":[{"name":"wp","href":"https:\/\/api.w.org\/{rel}","templated":true}]}}