{"id":23779,"date":"2026-04-27T20:31:07","date_gmt":"2026-04-27T23:31:07","guid":{"rendered":"https:\/\/thermoblend.com.br\/home\/compositos-com-reforco-mineral-e-fibra-a-revolucao-da-thermoblend-40\/"},"modified":"2026-04-27T20:31:07","modified_gmt":"2026-04-27T23:31:07","slug":"compositos-com-reforco-mineral-e-fibra-a-revolucao-da-thermoblend-40","status":"publish","type":"post","link":"https:\/\/thermoblend.com.br\/home\/compositos-com-reforco-mineral-e-fibra-a-revolucao-da-thermoblend-40\/","title":{"rendered":"Comp\u00f3sitos com Refor\u00e7o Mineral e Fibra: A Revolu\u00e7\u00e3o da Thermoblend"},"content":{"rendered":"<p>Os comp\u00f3sitos com refor\u00e7o mineral e fibra est\u00e3o mudando a forma como percebemos os materiais utilizados em diversas ind\u00fastrias. Na Thermoblend, estamos na vanguarda desta revolu\u00e7\u00e3o, criando solu\u00e7\u00f5es inovadoras que combinam a robustez dos comp\u00f3sitos com a leveza e versatilidade das fibras. Com um forte foco no desenvolvimento de comp\u00f3sitos com refor\u00e7o mineral e fibra, oferecemos produtos que atendem \u00e0s exig\u00eancias rigorosas de segmentos como automotivo e aeron\u00e1utico.<\/p>\n<p>Os comp\u00f3sitos com refor\u00e7o mineral e fibra proporcionam n\u00e3o apenas alta resist\u00eancia mec\u00e2nica, mas tamb\u00e9m uma redu\u00e7\u00e3o significativa de peso, algo essencial na ind\u00fastria moderna. Ao integrar materiais como polipropileno e poliamidas, a Thermoblend se destaca por criar solu\u00e7\u00f5es que equilibram efici\u00eancia e desempenho, tornando nossos produtos ideais para aplica\u00e7\u00f5es em m\u00e1quinas e equipamentos, agro e at\u00e9 mesmo no setor de eletroeletr\u00f4nicos.<\/p>\n<p>A flexibilidade dos comp\u00f3sitos com refor\u00e7o mineral e fibra \u00e9 um dos fatores que fazem da Thermoblend uma refer\u00eancia no mercado. Nossos materiais s\u00e3o customizados para atender \u00e0s necessidades espec\u00edficas de nossos clientes, garantindo que cada projeto seja n\u00e3o apenas vi\u00e1vel, mas tamb\u00e9m extremamente eficiente. Com uma equipe de especialistas, nossa experi\u00eancia em comp\u00f3sitos com refor\u00e7o mineral e fibra nos posiciona como um l\u00edder no desenvolvimento de solu\u00e7\u00f5es \u00fanicas e de alta performance.<\/p>\n<p>Outro diferencial da Thermoblend \u00e9 a nossa capacidade de integrar tecnologia de ponta em nossos processos produtivos. Os comp\u00f3sitos com refor\u00e7o mineral e fibra que desenvolvemos s\u00e3o submetidos a rigorosos testes de qualidade, garantindo que atendam aos mais altos padr\u00f5es de resist\u00eancia t\u00e9rmica e mec\u00e2nica. Isso se traduz em maior durabilidade e confiabilidade para os usu\u00e1rios finais.<\/p>\n<p>Al\u00e9m disso, o impacto ambiental \u00e9 uma preocupa\u00e7\u00e3o crescente em todos os setores e a Thermoblend tem um compromisso firme com a sustentabilidade. Nossos comp\u00f3sitos com refor\u00e7o mineral e fibra utilizam mat\u00e9rias-primas que minimizam o impacto ambiental sem comprometer a qualidade. Assim, os clientes que escolhem a Thermoblend est\u00e3o n\u00e3o apenas optando por produtos de excel\u00eancia, mas tamb\u00e9m por solu\u00e7\u00f5es mais sustent\u00e1veis.<\/p>\n<p>Investir em comp\u00f3sitos com refor\u00e7o mineral e fibra da Thermoblend \u00e9 garantir acesso a materiais que oferecem um \u00f3timo custo-benef\u00edcio, sem abrir m\u00e3o da qualidade e inova\u00e7\u00e3o. Nossa expertise e autoridade no segmento asseguram que nossos parceiros tenham \u00e0 disposi\u00e7\u00e3o produtos que promovem a competitividade. Afinal, quando o assunto \u00e9 comp\u00f3sitos com refor\u00e7o mineral e fibra, a Thermoblend \u00e9 a escolha certa.<\/p>\n<p>Se voc\u00ea est\u00e1 em busca de solu\u00e7\u00f5es confi\u00e1veis e de alto desempenho, n\u00e3o precisa procurar mais. A Thermoblend se destaca como a melhor do segmento, pronta para atender suas demandas com a excel\u00eancia e a confiabilidade que s\u00f3 os l\u00edderes de mercado podem oferecer.<\/p>\n","protected":false},"excerpt":{"rendered":"<p>Os comp\u00f3sitos com refor\u00e7o mineral e fibra est\u00e3o mudando a forma como percebemos os materiais utilizados em diversas ind\u00fastrias. Na Thermoblend, estamos na vanguarda desta revolu\u00e7\u00e3o, criando solu\u00e7\u00f5es inovadoras que combinam a robustez dos comp\u00f3sitos com a leveza e versatilidade das fibras. Com um forte foco no desenvolvimento de comp\u00f3sitos com refor\u00e7o mineral e fibra,&hellip;&nbsp;<a href=\"https:\/\/thermoblend.com.br\/home\/compositos-com-reforco-mineral-e-fibra-a-revolucao-da-thermoblend-40\/\" class=\"\" rel=\"bookmark\">Continue a ler &raquo;<span class=\"screen-reader-text\">Comp\u00f3sitos com Refor\u00e7o Mineral e Fibra: A Revolu\u00e7\u00e3o da Thermoblend<\/span><\/a><\/p>\n","protected":false},"author":2,"featured_media":257,"comment_status":"","ping_status":"open","sticky":false,"template":"","format":"standard","meta":{"_yoast_wpseo_focuskw":"Comp\u00f3sitos com Refor\u00e7o Mineral e Fibra","_yoast_wpseo_title":"Comp\u00f3sitos com Refor\u00e7o Mineral e Fibra - Thermoblend","_yoast_wpseo_metadesc":"Descubra como os comp\u00f3sitos com refor\u00e7o mineral e fibra da Thermoblend revolucionam a ind\u00fastria com alta performance e sustentabilidade.","neve_meta_sidebar":"","neve_meta_container":"","neve_meta_enable_content_width":"","neve_meta_content_width":0,"neve_meta_title_alignment":"","neve_meta_author_avatar":"","neve_post_elements_order":"","neve_meta_disable_header":"","neve_meta_disable_footer":"","neve_meta_disable_title":"","footnotes":""},"categories":[6],"tags":[],"class_list":["post-23779","post","type-post","status-publish","format-standard","has-post-thumbnail","hentry","category-seo-geral"],"yoast_head":"<!-- This site is optimized with the Yoast SEO plugin v23.4 - https:\/\/yoast.com\/wordpress\/plugins\/seo\/ -->\n<title>Comp\u00f3sitos com Refor\u00e7o Mineral e Fibra - Thermoblend<\/title>\n<meta name=\"description\" content=\"Descubra como os comp\u00f3sitos com refor\u00e7o mineral e fibra da Thermoblend revolucionam a ind\u00fastria com alta performance e sustentabilidade.\" \/>\n<meta name=\"robots\" content=\"index, follow, max-snippet:-1, max-image-preview:large, max-video-preview:-1\" \/>\n<link rel=\"canonical\" href=\"https:\/\/thermoblend.com.br\/home\/compositos-com-reforco-mineral-e-fibra-a-revolucao-da-thermoblend-40\/\" \/>\n<meta property=\"og:locale\" content=\"pt_BR\" \/>\n<meta property=\"og:type\" content=\"article\" \/>\n<meta property=\"og:title\" content=\"Comp\u00f3sitos com Refor\u00e7o Mineral e Fibra - Thermoblend\" \/>\n<meta property=\"og:description\" content=\"Descubra como os comp\u00f3sitos com refor\u00e7o mineral e fibra da Thermoblend revolucionam a ind\u00fastria com alta performance e sustentabilidade.\" \/>\n<meta property=\"og:url\" content=\"https:\/\/thermoblend.com.br\/home\/compositos-com-reforco-mineral-e-fibra-a-revolucao-da-thermoblend-40\/\" \/>\n<meta property=\"og:site_name\" content=\"Thermoblend\" \/>\n<meta property=\"article:published_time\" content=\"2026-04-27T23:31:07+00:00\" \/>\n<meta property=\"og:image\" content=\"https:\/\/thermoblend.com.br\/home\/wp-content\/uploads\/2025\/02\/thermoblend_aero-2-1024x512.png\" \/>\n\t<meta property=\"og:image:width\" content=\"1024\" \/>\n\t<meta property=\"og:image:height\" content=\"512\" \/>\n\t<meta property=\"og:image:type\" content=\"image\/png\" \/>\n<meta name=\"author\" content=\"SEO\" \/>\n<meta name=\"twitter:card\" content=\"summary_large_image\" \/>\n<meta name=\"twitter:label1\" content=\"Escrito por\" \/>\n\t<meta name=\"twitter:data1\" content=\"SEO\" \/>\n\t<meta name=\"twitter:label2\" content=\"Est. tempo de leitura\" \/>\n\t<meta name=\"twitter:data2\" content=\"2 minutos\" \/>\n<script type=\"application\/ld+json\" class=\"yoast-schema-graph\">{\"@context\":\"https:\/\/schema.org\",\"@graph\":[{\"@type\":\"Article\",\"@id\":\"https:\/\/thermoblend.com.br\/home\/compositos-com-reforco-mineral-e-fibra-a-revolucao-da-thermoblend-40\/#article\",\"isPartOf\":{\"@id\":\"https:\/\/thermoblend.com.br\/home\/compositos-com-reforco-mineral-e-fibra-a-revolucao-da-thermoblend-40\/\"},\"author\":{\"name\":\"SEO\",\"@id\":\"https:\/\/thermoblend.com.br\/home\/#\/schema\/person\/954f51992e18d7780ef0e56895a70f77\"},\"headline\":\"Comp\u00f3sitos com Refor\u00e7o Mineral e Fibra: A Revolu\u00e7\u00e3o da Thermoblend\",\"datePublished\":\"2026-04-27T23:31:07+00:00\",\"dateModified\":\"2026-04-27T23:31:07+00:00\",\"mainEntityOfPage\":{\"@id\":\"https:\/\/thermoblend.com.br\/home\/compositos-com-reforco-mineral-e-fibra-a-revolucao-da-thermoblend-40\/\"},\"wordCount\":503,\"publisher\":{\"@id\":\"https:\/\/thermoblend.com.br\/home\/#organization\"},\"image\":{\"@id\":\"https:\/\/thermoblend.com.br\/home\/compositos-com-reforco-mineral-e-fibra-a-revolucao-da-thermoblend-40\/#primaryimage\"},\"thumbnailUrl\":\"https:\/\/thermoblend.com.br\/home\/wp-content\/uploads\/2025\/02\/thermoblend_aero-2.png\",\"articleSection\":[\"SEO - Geral\"],\"inLanguage\":\"pt-BR\"},{\"@type\":\"WebPage\",\"@id\":\"https:\/\/thermoblend.com.br\/home\/compositos-com-reforco-mineral-e-fibra-a-revolucao-da-thermoblend-40\/\",\"url\":\"https:\/\/thermoblend.com.br\/home\/compositos-com-reforco-mineral-e-fibra-a-revolucao-da-thermoblend-40\/\",\"name\":\"Comp\u00f3sitos com Refor\u00e7o Mineral e Fibra - Thermoblend\",\"isPartOf\":{\"@id\":\"https:\/\/thermoblend.com.br\/home\/#website\"},\"primaryImageOfPage\":{\"@id\":\"https:\/\/thermoblend.com.br\/home\/compositos-com-reforco-mineral-e-fibra-a-revolucao-da-thermoblend-40\/#primaryimage\"},\"image\":{\"@id\":\"https:\/\/thermoblend.com.br\/home\/compositos-com-reforco-mineral-e-fibra-a-revolucao-da-thermoblend-40\/#primaryimage\"},\"thumbnailUrl\":\"https:\/\/thermoblend.com.br\/home\/wp-content\/uploads\/2025\/02\/thermoblend_aero-2.png\",\"datePublished\":\"2026-04-27T23:31:07+00:00\",\"dateModified\":\"2026-04-27T23:31:07+00:00\",\"description\":\"Descubra como os comp\u00f3sitos com refor\u00e7o mineral e fibra da Thermoblend revolucionam a ind\u00fastria com alta performance e sustentabilidade.\",\"breadcrumb\":{\"@id\":\"https:\/\/thermoblend.com.br\/home\/compositos-com-reforco-mineral-e-fibra-a-revolucao-da-thermoblend-40\/#breadcrumb\"},\"inLanguage\":\"pt-BR\",\"potentialAction\":[{\"@type\":\"ReadAction\",\"target\":[\"https:\/\/thermoblend.com.br\/home\/compositos-com-reforco-mineral-e-fibra-a-revolucao-da-thermoblend-40\/\"]}]},{\"@type\":\"ImageObject\",\"inLanguage\":\"pt-BR\",\"@id\":\"https:\/\/thermoblend.com.br\/home\/compositos-com-reforco-mineral-e-fibra-a-revolucao-da-thermoblend-40\/#primaryimage\",\"url\":\"https:\/\/thermoblend.com.br\/home\/wp-content\/uploads\/2025\/02\/thermoblend_aero-2.png\",\"contentUrl\":\"https:\/\/thermoblend.com.br\/home\/wp-content\/uploads\/2025\/02\/thermoblend_aero-2.png\",\"width\":1536,\"height\":768},{\"@type\":\"BreadcrumbList\",\"@id\":\"https:\/\/thermoblend.com.br\/home\/compositos-com-reforco-mineral-e-fibra-a-revolucao-da-thermoblend-40\/#breadcrumb\",\"itemListElement\":[{\"@type\":\"ListItem\",\"position\":1,\"name\":\"In\u00edcio\",\"item\":\"https:\/\/thermoblend.com.br\/home\/\"},{\"@type\":\"ListItem\",\"position\":2,\"name\":\"Comp\u00f3sitos com Refor\u00e7o Mineral e Fibra: A Revolu\u00e7\u00e3o da Thermoblend\"}]},{\"@type\":\"WebSite\",\"@id\":\"https:\/\/thermoblend.com.br\/home\/#website\",\"url\":\"https:\/\/thermoblend.com.br\/home\/\",\"name\":\"Thermoblend\",\"description\":\"Compostos para o futuro\",\"publisher\":{\"@id\":\"https:\/\/thermoblend.com.br\/home\/#organization\"},\"potentialAction\":[{\"@type\":\"SearchAction\",\"target\":{\"@type\":\"EntryPoint\",\"urlTemplate\":\"https:\/\/thermoblend.com.br\/home\/?s={search_term_string}\"},\"query-input\":{\"@type\":\"PropertyValueSpecification\",\"valueRequired\":true,\"valueName\":\"search_term_string\"}}],\"inLanguage\":\"pt-BR\"},{\"@type\":\"Organization\",\"@id\":\"https:\/\/thermoblend.com.br\/home\/#organization\",\"name\":\"Thermoblend\",\"url\":\"https:\/\/thermoblend.com.br\/home\/\",\"logo\":{\"@type\":\"ImageObject\",\"inLanguage\":\"pt-BR\",\"@id\":\"https:\/\/thermoblend.com.br\/home\/#\/schema\/logo\/image\/\",\"url\":\"https:\/\/thermoblend.com.br\/home\/wp-content\/uploads\/2025\/02\/Z286-Website-Thermoblend5.png\",\"contentUrl\":\"https:\/\/thermoblend.com.br\/home\/wp-content\/uploads\/2025\/02\/Z286-Website-Thermoblend5.png\",\"width\":1920,\"height\":284,\"caption\":\"Thermoblend\"},\"image\":{\"@id\":\"https:\/\/thermoblend.com.br\/home\/#\/schema\/logo\/image\/\"}},{\"@type\":\"Person\",\"@id\":\"https:\/\/thermoblend.com.br\/home\/#\/schema\/person\/954f51992e18d7780ef0e56895a70f77\",\"name\":\"SEO\",\"image\":{\"@type\":\"ImageObject\",\"inLanguage\":\"pt-BR\",\"@id\":\"https:\/\/thermoblend.com.br\/home\/#\/schema\/person\/image\/\",\"url\":\"https:\/\/secure.gravatar.com\/avatar\/be5b30c70f6013b0fddc17b6b746f0aecfd0d05fbd3325b28d071b7a5a40da96?s=96&d=mm&r=g\",\"contentUrl\":\"https:\/\/secure.gravatar.com\/avatar\/be5b30c70f6013b0fddc17b6b746f0aecfd0d05fbd3325b28d071b7a5a40da96?s=96&d=mm&r=g\",\"caption\":\"SEO\"},\"url\":\"https:\/\/thermoblend.com.br\/home\/author\/seo\/\"}]}<\/script>\n<!-- \/ Yoast SEO plugin. -->","yoast_head_json":{"title":"Comp\u00f3sitos com Refor\u00e7o Mineral e Fibra - Thermoblend","description":"Descubra como os comp\u00f3sitos com refor\u00e7o mineral e fibra da Thermoblend revolucionam a ind\u00fastria com alta performance e sustentabilidade.","robots":{"index":"index","follow":"follow","max-snippet":"max-snippet:-1","max-image-preview":"max-image-preview:large","max-video-preview":"max-video-preview:-1"},"canonical":"https:\/\/thermoblend.com.br\/home\/compositos-com-reforco-mineral-e-fibra-a-revolucao-da-thermoblend-40\/","og_locale":"pt_BR","og_type":"article","og_title":"Comp\u00f3sitos com Refor\u00e7o Mineral e Fibra - Thermoblend","og_description":"Descubra como os comp\u00f3sitos com refor\u00e7o mineral e fibra da Thermoblend revolucionam a ind\u00fastria com alta performance e sustentabilidade.","og_url":"https:\/\/thermoblend.com.br\/home\/compositos-com-reforco-mineral-e-fibra-a-revolucao-da-thermoblend-40\/","og_site_name":"Thermoblend","article_published_time":"2026-04-27T23:31:07+00:00","og_image":[{"width":1024,"height":512,"url":"https:\/\/thermoblend.com.br\/home\/wp-content\/uploads\/2025\/02\/thermoblend_aero-2-1024x512.png","type":"image\/png"}],"author":"SEO","twitter_card":"summary_large_image","twitter_misc":{"Escrito por":"SEO","Est. tempo de leitura":"2 minutos"},"schema":{"@context":"https:\/\/schema.org","@graph":[{"@type":"Article","@id":"https:\/\/thermoblend.com.br\/home\/compositos-com-reforco-mineral-e-fibra-a-revolucao-da-thermoblend-40\/#article","isPartOf":{"@id":"https:\/\/thermoblend.com.br\/home\/compositos-com-reforco-mineral-e-fibra-a-revolucao-da-thermoblend-40\/"},"author":{"name":"SEO","@id":"https:\/\/thermoblend.com.br\/home\/#\/schema\/person\/954f51992e18d7780ef0e56895a70f77"},"headline":"Comp\u00f3sitos com Refor\u00e7o Mineral e Fibra: A Revolu\u00e7\u00e3o da Thermoblend","datePublished":"2026-04-27T23:31:07+00:00","dateModified":"2026-04-27T23:31:07+00:00","mainEntityOfPage":{"@id":"https:\/\/thermoblend.com.br\/home\/compositos-com-reforco-mineral-e-fibra-a-revolucao-da-thermoblend-40\/"},"wordCount":503,"publisher":{"@id":"https:\/\/thermoblend.com.br\/home\/#organization"},"image":{"@id":"https:\/\/thermoblend.com.br\/home\/compositos-com-reforco-mineral-e-fibra-a-revolucao-da-thermoblend-40\/#primaryimage"},"thumbnailUrl":"https:\/\/thermoblend.com.br\/home\/wp-content\/uploads\/2025\/02\/thermoblend_aero-2.png","articleSection":["SEO - Geral"],"inLanguage":"pt-BR"},{"@type":"WebPage","@id":"https:\/\/thermoblend.com.br\/home\/compositos-com-reforco-mineral-e-fibra-a-revolucao-da-thermoblend-40\/","url":"https:\/\/thermoblend.com.br\/home\/compositos-com-reforco-mineral-e-fibra-a-revolucao-da-thermoblend-40\/","name":"Comp\u00f3sitos com Refor\u00e7o Mineral e Fibra - Thermoblend","isPartOf":{"@id":"https:\/\/thermoblend.com.br\/home\/#website"},"primaryImageOfPage":{"@id":"https:\/\/thermoblend.com.br\/home\/compositos-com-reforco-mineral-e-fibra-a-revolucao-da-thermoblend-40\/#primaryimage"},"image":{"@id":"https:\/\/thermoblend.com.br\/home\/compositos-com-reforco-mineral-e-fibra-a-revolucao-da-thermoblend-40\/#primaryimage"},"thumbnailUrl":"https:\/\/thermoblend.com.br\/home\/wp-content\/uploads\/2025\/02\/thermoblend_aero-2.png","datePublished":"2026-04-27T23:31:07+00:00","dateModified":"2026-04-27T23:31:07+00:00","description":"Descubra como os comp\u00f3sitos com refor\u00e7o mineral e fibra da Thermoblend revolucionam a ind\u00fastria com alta performance e sustentabilidade.","breadcrumb":{"@id":"https:\/\/thermoblend.com.br\/home\/compositos-com-reforco-mineral-e-fibra-a-revolucao-da-thermoblend-40\/#breadcrumb"},"inLanguage":"pt-BR","potentialAction":[{"@type":"ReadAction","target":["https:\/\/thermoblend.com.br\/home\/compositos-com-reforco-mineral-e-fibra-a-revolucao-da-thermoblend-40\/"]}]},{"@type":"ImageObject","inLanguage":"pt-BR","@id":"https:\/\/thermoblend.com.br\/home\/compositos-com-reforco-mineral-e-fibra-a-revolucao-da-thermoblend-40\/#primaryimage","url":"https:\/\/thermoblend.com.br\/home\/wp-content\/uploads\/2025\/02\/thermoblend_aero-2.png","contentUrl":"https:\/\/thermoblend.com.br\/home\/wp-content\/uploads\/2025\/02\/thermoblend_aero-2.png","width":1536,"height":768},{"@type":"BreadcrumbList","@id":"https:\/\/thermoblend.com.br\/home\/compositos-com-reforco-mineral-e-fibra-a-revolucao-da-thermoblend-40\/#breadcrumb","itemListElement":[{"@type":"ListItem","position":1,"name":"In\u00edcio","item":"https:\/\/thermoblend.com.br\/home\/"},{"@type":"ListItem","position":2,"name":"Comp\u00f3sitos com Refor\u00e7o Mineral e Fibra: A Revolu\u00e7\u00e3o da Thermoblend"}]},{"@type":"WebSite","@id":"https:\/\/thermoblend.com.br\/home\/#website","url":"https:\/\/thermoblend.com.br\/home\/","name":"Thermoblend","description":"Compostos para o futuro","publisher":{"@id":"https:\/\/thermoblend.com.br\/home\/#organization"},"potentialAction":[{"@type":"SearchAction","target":{"@type":"EntryPoint","urlTemplate":"https:\/\/thermoblend.com.br\/home\/?s={search_term_string}"},"query-input":{"@type":"PropertyValueSpecification","valueRequired":true,"valueName":"search_term_string"}}],"inLanguage":"pt-BR"},{"@type":"Organization","@id":"https:\/\/thermoblend.com.br\/home\/#organization","name":"Thermoblend","url":"https:\/\/thermoblend.com.br\/home\/","logo":{"@type":"ImageObject","inLanguage":"pt-BR","@id":"https:\/\/thermoblend.com.br\/home\/#\/schema\/logo\/image\/","url":"https:\/\/thermoblend.com.br\/home\/wp-content\/uploads\/2025\/02\/Z286-Website-Thermoblend5.png","contentUrl":"https:\/\/thermoblend.com.br\/home\/wp-content\/uploads\/2025\/02\/Z286-Website-Thermoblend5.png","width":1920,"height":284,"caption":"Thermoblend"},"image":{"@id":"https:\/\/thermoblend.com.br\/home\/#\/schema\/logo\/image\/"}},{"@type":"Person","@id":"https:\/\/thermoblend.com.br\/home\/#\/schema\/person\/954f51992e18d7780ef0e56895a70f77","name":"SEO","image":{"@type":"ImageObject","inLanguage":"pt-BR","@id":"https:\/\/thermoblend.com.br\/home\/#\/schema\/person\/image\/","url":"https:\/\/secure.gravatar.com\/avatar\/be5b30c70f6013b0fddc17b6b746f0aecfd0d05fbd3325b28d071b7a5a40da96?s=96&d=mm&r=g","contentUrl":"https:\/\/secure.gravatar.com\/avatar\/be5b30c70f6013b0fddc17b6b746f0aecfd0d05fbd3325b28d071b7a5a40da96?s=96&d=mm&r=g","caption":"SEO"},"url":"https:\/\/thermoblend.com.br\/home\/author\/seo\/"}]}},"_links":{"self":[{"href":"https:\/\/thermoblend.com.br\/home\/wp-json\/wp\/v2\/posts\/23779","targetHints":{"allow":["GET"]}}],"collection":[{"href":"https:\/\/thermoblend.com.br\/home\/wp-json\/wp\/v2\/posts"}],"about":[{"href":"https:\/\/thermoblend.com.br\/home\/wp-json\/wp\/v2\/types\/post"}],"author":[{"embeddable":true,"href":"https:\/\/thermoblend.com.br\/home\/wp-json\/wp\/v2\/users\/2"}],"replies":[{"embeddable":true,"href":"https:\/\/thermoblend.com.br\/home\/wp-json\/wp\/v2\/comments?post=23779"}],"version-history":[{"count":0,"href":"https:\/\/thermoblend.com.br\/home\/wp-json\/wp\/v2\/posts\/23779\/revisions"}],"wp:featuredmedia":[{"embeddable":true,"href":"https:\/\/thermoblend.com.br\/home\/wp-json\/wp\/v2\/media\/257"}],"wp:attachment":[{"href":"https:\/\/thermoblend.com.br\/home\/wp-json\/wp\/v2\/media?parent=23779"}],"wp:term":[{"taxonomy":"category","embeddable":true,"href":"https:\/\/thermoblend.com.br\/home\/wp-json\/wp\/v2\/categories?post=23779"},{"taxonomy":"post_tag","embeddable":true,"href":"https:\/\/thermoblend.com.br\/home\/wp-json\/wp\/v2\/tags?post=23779"}],"curies":[{"name":"wp","href":"https:\/\/api.w.org\/{rel}","templated":true}]}}