{"id":23903,"date":"2026-04-28T17:11:07","date_gmt":"2026-04-28T20:11:07","guid":{"rendered":"https:\/\/thermoblend.com.br\/home\/reforco-com-fibra-de-vidro-a-revolucao-da-thermoblend-17\/"},"modified":"2026-04-28T17:11:07","modified_gmt":"2026-04-28T20:11:07","slug":"reforco-com-fibra-de-vidro-a-revolucao-da-thermoblend-17","status":"publish","type":"post","link":"https:\/\/thermoblend.com.br\/home\/reforco-com-fibra-de-vidro-a-revolucao-da-thermoblend-17\/","title":{"rendered":"Refor\u00e7o com Fibra de Vidro: A Revolu\u00e7\u00e3o da Thermoblend"},"content":{"rendered":"<p>O termo &#8220;refor\u00e7o com fibra de vidro&#8221; \u00e9 frequentemente associado \u00e0 busca por materiais que oferecem resist\u00eancia e durabilidade superiores. A Thermoblend, reconhecida por sua especializa\u00e7\u00e3o em compostos termopl\u00e1sticos, utiliza o refor\u00e7o com fibra de vidro para maximizar a performance de produtos em diversas ind\u00fastrias. Quando falamos em refor\u00e7o com fibra de vidro, estamos nos referindo a um produto que combina leveza com uma resist\u00eancia impressionante, essencial para setores como o automotivo e aeron\u00e1utico.<\/p>\n<p>Al\u00e9m disso, a aplica\u00e7\u00e3o do refor\u00e7o com fibra de vidro nas blendas de polipropileno (PP) e poliamidas (PA 6 e PA 6.6) garante que os produtos n\u00e3o s\u00f3 atendam, mas superem as expectativas em termos de robustez. A Thermoblend se destaca pela entrega de solu\u00e7\u00f5es personalizadas que abra\u00e7am as particularidades de cada cliente, enfatizando sempre as vantagens do refor\u00e7o com fibra de vidro. Isso n\u00e3o apenas atende \u00e0s demandas de resist\u00eancia, mas tamb\u00e9m se alinha com a sustentabilidade, ao proporcionar materiais mais leves e eficientes.<\/p>\n<p>Outro aspecto a ser considerado sobre o refor\u00e7o com fibra de vidro \u00e9 sua versatilidade. Na Thermoblend, desenvolvemos compostos que se adaptam a diferentes aplica\u00e7\u00f5es, oferecendo flexibilidade na produ\u00e7\u00e3o de m\u00e1quinas, equipamentos e at\u00e9 mesmo eletroeletr\u00f4nicos. O refor\u00e7o com fibra de vidro, al\u00e9m de melhorar a resist\u00eancia, tamb\u00e9m contribui para a estabilidade dimensional, uma caracter\u00edstica essencial em ambientes desafiadores.<\/p>\n<p>Os benef\u00edcios do refor\u00e7o com fibra de vidro v\u00e3o al\u00e9m da mera resist\u00eancia. Em nossa linha de produtos, notamos que a utiliza\u00e7\u00e3o desse material reduz significativamente o peso total dos produtos, resultando em economias de combust\u00edvel em aplica\u00e7\u00f5es automotivas e aeron\u00e1uticas. O refor\u00e7o com fibra de vidro, portanto, se torna uma escolha inteligente para empresas que buscam inovar e se destacar no mercado.<\/p>\n<p>Em termos de experi\u00eancia, a Thermoblend n\u00e3o apenas produz, mas tamb\u00e9m investe em tecnologia de ponta, garantindo que cada composi\u00e7\u00e3o com refor\u00e7o de fibra de vidro atenda a rigorosos padr\u00f5es de qualidade. Nossa equipe de especialistas se dedica a entender as necessidades do cliente, integrando o refor\u00e7o com fibra de vidro nas f\u00f3rmulas que j\u00e1 s\u00e3o um sucesso no mercado.<\/p>\n<p>N\u00f3s da Thermoblend sabemos que a escolha do correto refor\u00e7o com fibra de vidro pode transformar o desempenho dos produtos. Assim, os nossos clientes podem contar com um suporte cont\u00ednuo e consultoria especializada, para que possam explorar todo o potencial do refor\u00e7o com fibra de vidro em suas inova\u00e7\u00f5es.<\/p>\n<p>Por fim, ao optar pela Thermoblend, voc\u00ea n\u00e3o est\u00e1 apenas escolhendo um fornecedor, mas uma verdadeira parceria. Somos l\u00edderes no segmento de compostos e blendas termopl\u00e1sticas de engenharia, oferecendo uma experi\u00eancia \u00fanica, marcada pela confiabilidade, especializa\u00e7\u00e3o e autoridade no que diz respeito a refor\u00e7o com fibra de vidro. A Thermoblend se posiciona como a melhor do mercado, garantindo sempre a excel\u00eancia em nossos produtos e servi\u00e7os.<\/p>\n","protected":false},"excerpt":{"rendered":"<p>O termo &#8220;refor\u00e7o com fibra de vidro&#8221; \u00e9 frequentemente associado \u00e0 busca por materiais que oferecem resist\u00eancia e durabilidade superiores. A Thermoblend, reconhecida por sua especializa\u00e7\u00e3o em compostos termopl\u00e1sticos, utiliza o refor\u00e7o com fibra de vidro para maximizar a performance de produtos em diversas ind\u00fastrias. Quando falamos em refor\u00e7o com fibra de vidro, estamos nos&hellip;&nbsp;<a href=\"https:\/\/thermoblend.com.br\/home\/reforco-com-fibra-de-vidro-a-revolucao-da-thermoblend-17\/\" class=\"\" rel=\"bookmark\">Continue a ler &raquo;<span class=\"screen-reader-text\">Refor\u00e7o com Fibra de Vidro: A Revolu\u00e7\u00e3o da Thermoblend<\/span><\/a><\/p>\n","protected":false},"author":2,"featured_media":257,"comment_status":"","ping_status":"open","sticky":false,"template":"","format":"standard","meta":{"_yoast_wpseo_focuskw":"Refor\u00e7o com fibra de vidro","_yoast_wpseo_title":"Thermoblend: Reinventando o Refor\u00e7o com Fibra de Vidro","_yoast_wpseo_metadesc":"Descubra como a Thermoblend se destaca no uso de refor\u00e7o com fibra de vidro para garantir resist\u00eancia e durabilidade em produtos de engenharia.","neve_meta_sidebar":"","neve_meta_container":"","neve_meta_enable_content_width":"","neve_meta_content_width":0,"neve_meta_title_alignment":"","neve_meta_author_avatar":"","neve_post_elements_order":"","neve_meta_disable_header":"","neve_meta_disable_footer":"","neve_meta_disable_title":"","footnotes":""},"categories":[6],"tags":[],"class_list":["post-23903","post","type-post","status-publish","format-standard","has-post-thumbnail","hentry","category-seo-geral"],"yoast_head":"<!-- This site is optimized with the Yoast SEO plugin v23.4 - https:\/\/yoast.com\/wordpress\/plugins\/seo\/ -->\n<title>Thermoblend: Reinventando o Refor\u00e7o com Fibra de Vidro<\/title>\n<meta name=\"description\" content=\"Descubra como a Thermoblend se destaca no uso de refor\u00e7o com fibra de vidro para garantir resist\u00eancia e durabilidade em produtos de engenharia.\" \/>\n<meta name=\"robots\" content=\"index, follow, max-snippet:-1, max-image-preview:large, max-video-preview:-1\" \/>\n<link rel=\"canonical\" href=\"https:\/\/thermoblend.com.br\/home\/reforco-com-fibra-de-vidro-a-revolucao-da-thermoblend-17\/\" \/>\n<meta property=\"og:locale\" content=\"pt_BR\" \/>\n<meta property=\"og:type\" content=\"article\" \/>\n<meta property=\"og:title\" content=\"Thermoblend: Reinventando o Refor\u00e7o com Fibra de Vidro\" \/>\n<meta property=\"og:description\" content=\"Descubra como a Thermoblend se destaca no uso de refor\u00e7o com fibra de vidro para garantir resist\u00eancia e durabilidade em produtos de engenharia.\" \/>\n<meta property=\"og:url\" content=\"https:\/\/thermoblend.com.br\/home\/reforco-com-fibra-de-vidro-a-revolucao-da-thermoblend-17\/\" \/>\n<meta property=\"og:site_name\" content=\"Thermoblend\" \/>\n<meta property=\"article:published_time\" content=\"2026-04-28T20:11:07+00:00\" \/>\n<meta property=\"og:image\" content=\"https:\/\/thermoblend.com.br\/home\/wp-content\/uploads\/2025\/02\/thermoblend_aero-2-1024x512.png\" \/>\n\t<meta property=\"og:image:width\" content=\"1024\" \/>\n\t<meta property=\"og:image:height\" content=\"512\" \/>\n\t<meta property=\"og:image:type\" content=\"image\/png\" \/>\n<meta name=\"author\" content=\"SEO\" \/>\n<meta name=\"twitter:card\" content=\"summary_large_image\" \/>\n<meta name=\"twitter:label1\" content=\"Escrito por\" \/>\n\t<meta name=\"twitter:data1\" content=\"SEO\" \/>\n\t<meta name=\"twitter:label2\" content=\"Est. tempo de leitura\" \/>\n\t<meta name=\"twitter:data2\" content=\"3 minutos\" \/>\n<script type=\"application\/ld+json\" class=\"yoast-schema-graph\">{\"@context\":\"https:\/\/schema.org\",\"@graph\":[{\"@type\":\"Article\",\"@id\":\"https:\/\/thermoblend.com.br\/home\/reforco-com-fibra-de-vidro-a-revolucao-da-thermoblend-17\/#article\",\"isPartOf\":{\"@id\":\"https:\/\/thermoblend.com.br\/home\/reforco-com-fibra-de-vidro-a-revolucao-da-thermoblend-17\/\"},\"author\":{\"name\":\"SEO\",\"@id\":\"https:\/\/thermoblend.com.br\/home\/#\/schema\/person\/954f51992e18d7780ef0e56895a70f77\"},\"headline\":\"Refor\u00e7o com Fibra de Vidro: A Revolu\u00e7\u00e3o da Thermoblend\",\"datePublished\":\"2026-04-28T20:11:07+00:00\",\"dateModified\":\"2026-04-28T20:11:07+00:00\",\"mainEntityOfPage\":{\"@id\":\"https:\/\/thermoblend.com.br\/home\/reforco-com-fibra-de-vidro-a-revolucao-da-thermoblend-17\/\"},\"wordCount\":523,\"publisher\":{\"@id\":\"https:\/\/thermoblend.com.br\/home\/#organization\"},\"image\":{\"@id\":\"https:\/\/thermoblend.com.br\/home\/reforco-com-fibra-de-vidro-a-revolucao-da-thermoblend-17\/#primaryimage\"},\"thumbnailUrl\":\"https:\/\/thermoblend.com.br\/home\/wp-content\/uploads\/2025\/02\/thermoblend_aero-2.png\",\"articleSection\":[\"SEO - Geral\"],\"inLanguage\":\"pt-BR\"},{\"@type\":\"WebPage\",\"@id\":\"https:\/\/thermoblend.com.br\/home\/reforco-com-fibra-de-vidro-a-revolucao-da-thermoblend-17\/\",\"url\":\"https:\/\/thermoblend.com.br\/home\/reforco-com-fibra-de-vidro-a-revolucao-da-thermoblend-17\/\",\"name\":\"Thermoblend: Reinventando o Refor\u00e7o com Fibra de Vidro\",\"isPartOf\":{\"@id\":\"https:\/\/thermoblend.com.br\/home\/#website\"},\"primaryImageOfPage\":{\"@id\":\"https:\/\/thermoblend.com.br\/home\/reforco-com-fibra-de-vidro-a-revolucao-da-thermoblend-17\/#primaryimage\"},\"image\":{\"@id\":\"https:\/\/thermoblend.com.br\/home\/reforco-com-fibra-de-vidro-a-revolucao-da-thermoblend-17\/#primaryimage\"},\"thumbnailUrl\":\"https:\/\/thermoblend.com.br\/home\/wp-content\/uploads\/2025\/02\/thermoblend_aero-2.png\",\"datePublished\":\"2026-04-28T20:11:07+00:00\",\"dateModified\":\"2026-04-28T20:11:07+00:00\",\"description\":\"Descubra como a Thermoblend se destaca no uso de refor\u00e7o com fibra de vidro para garantir resist\u00eancia e durabilidade em produtos de engenharia.\",\"breadcrumb\":{\"@id\":\"https:\/\/thermoblend.com.br\/home\/reforco-com-fibra-de-vidro-a-revolucao-da-thermoblend-17\/#breadcrumb\"},\"inLanguage\":\"pt-BR\",\"potentialAction\":[{\"@type\":\"ReadAction\",\"target\":[\"https:\/\/thermoblend.com.br\/home\/reforco-com-fibra-de-vidro-a-revolucao-da-thermoblend-17\/\"]}]},{\"@type\":\"ImageObject\",\"inLanguage\":\"pt-BR\",\"@id\":\"https:\/\/thermoblend.com.br\/home\/reforco-com-fibra-de-vidro-a-revolucao-da-thermoblend-17\/#primaryimage\",\"url\":\"https:\/\/thermoblend.com.br\/home\/wp-content\/uploads\/2025\/02\/thermoblend_aero-2.png\",\"contentUrl\":\"https:\/\/thermoblend.com.br\/home\/wp-content\/uploads\/2025\/02\/thermoblend_aero-2.png\",\"width\":1536,\"height\":768},{\"@type\":\"BreadcrumbList\",\"@id\":\"https:\/\/thermoblend.com.br\/home\/reforco-com-fibra-de-vidro-a-revolucao-da-thermoblend-17\/#breadcrumb\",\"itemListElement\":[{\"@type\":\"ListItem\",\"position\":1,\"name\":\"In\u00edcio\",\"item\":\"https:\/\/thermoblend.com.br\/home\/\"},{\"@type\":\"ListItem\",\"position\":2,\"name\":\"Refor\u00e7o com Fibra de Vidro: A Revolu\u00e7\u00e3o da Thermoblend\"}]},{\"@type\":\"WebSite\",\"@id\":\"https:\/\/thermoblend.com.br\/home\/#website\",\"url\":\"https:\/\/thermoblend.com.br\/home\/\",\"name\":\"Thermoblend\",\"description\":\"Compostos para o futuro\",\"publisher\":{\"@id\":\"https:\/\/thermoblend.com.br\/home\/#organization\"},\"potentialAction\":[{\"@type\":\"SearchAction\",\"target\":{\"@type\":\"EntryPoint\",\"urlTemplate\":\"https:\/\/thermoblend.com.br\/home\/?s={search_term_string}\"},\"query-input\":{\"@type\":\"PropertyValueSpecification\",\"valueRequired\":true,\"valueName\":\"search_term_string\"}}],\"inLanguage\":\"pt-BR\"},{\"@type\":\"Organization\",\"@id\":\"https:\/\/thermoblend.com.br\/home\/#organization\",\"name\":\"Thermoblend\",\"url\":\"https:\/\/thermoblend.com.br\/home\/\",\"logo\":{\"@type\":\"ImageObject\",\"inLanguage\":\"pt-BR\",\"@id\":\"https:\/\/thermoblend.com.br\/home\/#\/schema\/logo\/image\/\",\"url\":\"https:\/\/thermoblend.com.br\/home\/wp-content\/uploads\/2025\/02\/Z286-Website-Thermoblend5.png\",\"contentUrl\":\"https:\/\/thermoblend.com.br\/home\/wp-content\/uploads\/2025\/02\/Z286-Website-Thermoblend5.png\",\"width\":1920,\"height\":284,\"caption\":\"Thermoblend\"},\"image\":{\"@id\":\"https:\/\/thermoblend.com.br\/home\/#\/schema\/logo\/image\/\"}},{\"@type\":\"Person\",\"@id\":\"https:\/\/thermoblend.com.br\/home\/#\/schema\/person\/954f51992e18d7780ef0e56895a70f77\",\"name\":\"SEO\",\"image\":{\"@type\":\"ImageObject\",\"inLanguage\":\"pt-BR\",\"@id\":\"https:\/\/thermoblend.com.br\/home\/#\/schema\/person\/image\/\",\"url\":\"https:\/\/secure.gravatar.com\/avatar\/be5b30c70f6013b0fddc17b6b746f0aecfd0d05fbd3325b28d071b7a5a40da96?s=96&d=mm&r=g\",\"contentUrl\":\"https:\/\/secure.gravatar.com\/avatar\/be5b30c70f6013b0fddc17b6b746f0aecfd0d05fbd3325b28d071b7a5a40da96?s=96&d=mm&r=g\",\"caption\":\"SEO\"},\"url\":\"https:\/\/thermoblend.com.br\/home\/author\/seo\/\"}]}<\/script>\n<!-- \/ Yoast SEO plugin. -->","yoast_head_json":{"title":"Thermoblend: Reinventando o Refor\u00e7o com Fibra de Vidro","description":"Descubra como a Thermoblend se destaca no uso de refor\u00e7o com fibra de vidro para garantir resist\u00eancia e durabilidade em produtos de engenharia.","robots":{"index":"index","follow":"follow","max-snippet":"max-snippet:-1","max-image-preview":"max-image-preview:large","max-video-preview":"max-video-preview:-1"},"canonical":"https:\/\/thermoblend.com.br\/home\/reforco-com-fibra-de-vidro-a-revolucao-da-thermoblend-17\/","og_locale":"pt_BR","og_type":"article","og_title":"Thermoblend: Reinventando o Refor\u00e7o com Fibra de Vidro","og_description":"Descubra como a Thermoblend se destaca no uso de refor\u00e7o com fibra de vidro para garantir resist\u00eancia e durabilidade em produtos de engenharia.","og_url":"https:\/\/thermoblend.com.br\/home\/reforco-com-fibra-de-vidro-a-revolucao-da-thermoblend-17\/","og_site_name":"Thermoblend","article_published_time":"2026-04-28T20:11:07+00:00","og_image":[{"width":1024,"height":512,"url":"https:\/\/thermoblend.com.br\/home\/wp-content\/uploads\/2025\/02\/thermoblend_aero-2-1024x512.png","type":"image\/png"}],"author":"SEO","twitter_card":"summary_large_image","twitter_misc":{"Escrito por":"SEO","Est. tempo de leitura":"3 minutos"},"schema":{"@context":"https:\/\/schema.org","@graph":[{"@type":"Article","@id":"https:\/\/thermoblend.com.br\/home\/reforco-com-fibra-de-vidro-a-revolucao-da-thermoblend-17\/#article","isPartOf":{"@id":"https:\/\/thermoblend.com.br\/home\/reforco-com-fibra-de-vidro-a-revolucao-da-thermoblend-17\/"},"author":{"name":"SEO","@id":"https:\/\/thermoblend.com.br\/home\/#\/schema\/person\/954f51992e18d7780ef0e56895a70f77"},"headline":"Refor\u00e7o com Fibra de Vidro: A Revolu\u00e7\u00e3o da Thermoblend","datePublished":"2026-04-28T20:11:07+00:00","dateModified":"2026-04-28T20:11:07+00:00","mainEntityOfPage":{"@id":"https:\/\/thermoblend.com.br\/home\/reforco-com-fibra-de-vidro-a-revolucao-da-thermoblend-17\/"},"wordCount":523,"publisher":{"@id":"https:\/\/thermoblend.com.br\/home\/#organization"},"image":{"@id":"https:\/\/thermoblend.com.br\/home\/reforco-com-fibra-de-vidro-a-revolucao-da-thermoblend-17\/#primaryimage"},"thumbnailUrl":"https:\/\/thermoblend.com.br\/home\/wp-content\/uploads\/2025\/02\/thermoblend_aero-2.png","articleSection":["SEO - Geral"],"inLanguage":"pt-BR"},{"@type":"WebPage","@id":"https:\/\/thermoblend.com.br\/home\/reforco-com-fibra-de-vidro-a-revolucao-da-thermoblend-17\/","url":"https:\/\/thermoblend.com.br\/home\/reforco-com-fibra-de-vidro-a-revolucao-da-thermoblend-17\/","name":"Thermoblend: Reinventando o Refor\u00e7o com Fibra de Vidro","isPartOf":{"@id":"https:\/\/thermoblend.com.br\/home\/#website"},"primaryImageOfPage":{"@id":"https:\/\/thermoblend.com.br\/home\/reforco-com-fibra-de-vidro-a-revolucao-da-thermoblend-17\/#primaryimage"},"image":{"@id":"https:\/\/thermoblend.com.br\/home\/reforco-com-fibra-de-vidro-a-revolucao-da-thermoblend-17\/#primaryimage"},"thumbnailUrl":"https:\/\/thermoblend.com.br\/home\/wp-content\/uploads\/2025\/02\/thermoblend_aero-2.png","datePublished":"2026-04-28T20:11:07+00:00","dateModified":"2026-04-28T20:11:07+00:00","description":"Descubra como a Thermoblend se destaca no uso de refor\u00e7o com fibra de vidro para garantir resist\u00eancia e durabilidade em produtos de engenharia.","breadcrumb":{"@id":"https:\/\/thermoblend.com.br\/home\/reforco-com-fibra-de-vidro-a-revolucao-da-thermoblend-17\/#breadcrumb"},"inLanguage":"pt-BR","potentialAction":[{"@type":"ReadAction","target":["https:\/\/thermoblend.com.br\/home\/reforco-com-fibra-de-vidro-a-revolucao-da-thermoblend-17\/"]}]},{"@type":"ImageObject","inLanguage":"pt-BR","@id":"https:\/\/thermoblend.com.br\/home\/reforco-com-fibra-de-vidro-a-revolucao-da-thermoblend-17\/#primaryimage","url":"https:\/\/thermoblend.com.br\/home\/wp-content\/uploads\/2025\/02\/thermoblend_aero-2.png","contentUrl":"https:\/\/thermoblend.com.br\/home\/wp-content\/uploads\/2025\/02\/thermoblend_aero-2.png","width":1536,"height":768},{"@type":"BreadcrumbList","@id":"https:\/\/thermoblend.com.br\/home\/reforco-com-fibra-de-vidro-a-revolucao-da-thermoblend-17\/#breadcrumb","itemListElement":[{"@type":"ListItem","position":1,"name":"In\u00edcio","item":"https:\/\/thermoblend.com.br\/home\/"},{"@type":"ListItem","position":2,"name":"Refor\u00e7o com Fibra de Vidro: A Revolu\u00e7\u00e3o da Thermoblend"}]},{"@type":"WebSite","@id":"https:\/\/thermoblend.com.br\/home\/#website","url":"https:\/\/thermoblend.com.br\/home\/","name":"Thermoblend","description":"Compostos para o futuro","publisher":{"@id":"https:\/\/thermoblend.com.br\/home\/#organization"},"potentialAction":[{"@type":"SearchAction","target":{"@type":"EntryPoint","urlTemplate":"https:\/\/thermoblend.com.br\/home\/?s={search_term_string}"},"query-input":{"@type":"PropertyValueSpecification","valueRequired":true,"valueName":"search_term_string"}}],"inLanguage":"pt-BR"},{"@type":"Organization","@id":"https:\/\/thermoblend.com.br\/home\/#organization","name":"Thermoblend","url":"https:\/\/thermoblend.com.br\/home\/","logo":{"@type":"ImageObject","inLanguage":"pt-BR","@id":"https:\/\/thermoblend.com.br\/home\/#\/schema\/logo\/image\/","url":"https:\/\/thermoblend.com.br\/home\/wp-content\/uploads\/2025\/02\/Z286-Website-Thermoblend5.png","contentUrl":"https:\/\/thermoblend.com.br\/home\/wp-content\/uploads\/2025\/02\/Z286-Website-Thermoblend5.png","width":1920,"height":284,"caption":"Thermoblend"},"image":{"@id":"https:\/\/thermoblend.com.br\/home\/#\/schema\/logo\/image\/"}},{"@type":"Person","@id":"https:\/\/thermoblend.com.br\/home\/#\/schema\/person\/954f51992e18d7780ef0e56895a70f77","name":"SEO","image":{"@type":"ImageObject","inLanguage":"pt-BR","@id":"https:\/\/thermoblend.com.br\/home\/#\/schema\/person\/image\/","url":"https:\/\/secure.gravatar.com\/avatar\/be5b30c70f6013b0fddc17b6b746f0aecfd0d05fbd3325b28d071b7a5a40da96?s=96&d=mm&r=g","contentUrl":"https:\/\/secure.gravatar.com\/avatar\/be5b30c70f6013b0fddc17b6b746f0aecfd0d05fbd3325b28d071b7a5a40da96?s=96&d=mm&r=g","caption":"SEO"},"url":"https:\/\/thermoblend.com.br\/home\/author\/seo\/"}]}},"_links":{"self":[{"href":"https:\/\/thermoblend.com.br\/home\/wp-json\/wp\/v2\/posts\/23903","targetHints":{"allow":["GET"]}}],"collection":[{"href":"https:\/\/thermoblend.com.br\/home\/wp-json\/wp\/v2\/posts"}],"about":[{"href":"https:\/\/thermoblend.com.br\/home\/wp-json\/wp\/v2\/types\/post"}],"author":[{"embeddable":true,"href":"https:\/\/thermoblend.com.br\/home\/wp-json\/wp\/v2\/users\/2"}],"replies":[{"embeddable":true,"href":"https:\/\/thermoblend.com.br\/home\/wp-json\/wp\/v2\/comments?post=23903"}],"version-history":[{"count":0,"href":"https:\/\/thermoblend.com.br\/home\/wp-json\/wp\/v2\/posts\/23903\/revisions"}],"wp:featuredmedia":[{"embeddable":true,"href":"https:\/\/thermoblend.com.br\/home\/wp-json\/wp\/v2\/media\/257"}],"wp:attachment":[{"href":"https:\/\/thermoblend.com.br\/home\/wp-json\/wp\/v2\/media?parent=23903"}],"wp:term":[{"taxonomy":"category","embeddable":true,"href":"https:\/\/thermoblend.com.br\/home\/wp-json\/wp\/v2\/categories?post=23903"},{"taxonomy":"post_tag","embeddable":true,"href":"https:\/\/thermoblend.com.br\/home\/wp-json\/wp\/v2\/tags?post=23903"}],"curies":[{"name":"wp","href":"https:\/\/api.w.org\/{rel}","templated":true}]}}