{"id":24156,"date":"2026-04-30T11:31:11","date_gmt":"2026-04-30T14:31:11","guid":{"rendered":"https:\/\/thermoblend.com.br\/home\/reforco-com-fibra-de-vidro-a-solucao-definitiva-da-thermoblend-2\/"},"modified":"2026-04-30T11:31:11","modified_gmt":"2026-04-30T14:31:11","slug":"reforco-com-fibra-de-vidro-a-solucao-definitiva-da-thermoblend-2","status":"publish","type":"post","link":"https:\/\/thermoblend.com.br\/home\/reforco-com-fibra-de-vidro-a-solucao-definitiva-da-thermoblend-2\/","title":{"rendered":"Refor\u00e7o com Fibra de Vidro: A Solu\u00e7\u00e3o Definitiva da Thermoblend"},"content":{"rendered":"<p>Quando se fala em refor\u00e7o com fibra de vidro, a Thermoblend se destaca no mercado pela excel\u00eancia em solu\u00e7\u00f5es para diversos segmentos. O refor\u00e7o com fibra de vidro proporciona um aumento significativo na resist\u00eancia dos materiais, ideal para aplica\u00e7\u00f5es em que a durabilidade \u00e9 essencial. Imagine um produto que n\u00e3o apenas resiste a impactos, mas tamb\u00e9m mant\u00e9m suas propriedades t\u00e9rmicas. Isso \u00e9 exatamente o que a Thermoblend oferece com seu refor\u00e7o com fibra de vidro.<\/p>\n<p>O uso de refor\u00e7o com fibra de vidro na produ\u00e7\u00e3o de comp\u00f3sitos \u00e9 uma tend\u00eancia crescente em ind\u00fastrias como a automotiva e aeron\u00e1utica. A Thermoblend, com sua experi\u00eancia e especializa\u00e7\u00e3o nesse campo, assegura que seu refor\u00e7o com fibra de vidro atenda aos rigorosos padr\u00f5es de qualidade e seguran\u00e7a exigidos pelo mercado. A resist\u00eancia mec\u00e2nica superior que esse material proporciona \u00e9 inigual\u00e1vel.<\/p>\n<p>Al\u00e9m disso, o refor\u00e7o com fibra de vidro assegura uma redu\u00e7\u00e3o significativa de peso, sem comprometer a integridade estrutural. Para empresas que buscam efici\u00eancia e economia de combust\u00edvel, essa caracter\u00edstica \u00e9 um diferencial valioso. A Thermoblend \u00e9 pioneira em inovar utilizando refor\u00e7o com fibra de vidro em suas blendas termopl\u00e1sticas, garantindo que cada produto seja otimizado para performance e efeito.<\/p>\n<p>Nossos clientes frequentemente relatam melhorias significativas em seus produtos finais quando utilizam nosso refor\u00e7o com fibra de vidro. Isso simboliza n\u00e3o apenas uma evolu\u00e7\u00e3o no desempenho, mas tamb\u00e9m uma confian\u00e7a na qualidade da Thermoblend. A personaliza\u00e7\u00e3o dos nossos comp\u00f3sitos para atender a necessidades espec\u00edficas \u00e9 um dos nossos maiores diferenciais, tornando o refor\u00e7o com fibra de vidro ainda mais atraente.<\/p>\n<p>Outro benef\u00edcio not\u00e1vel do refor\u00e7o com fibra de vidro \u00e9 sua resist\u00eancia a produtos qu\u00edmicos. Isso \u00e9 especialmente essencial em ambientes industriais onde a exposi\u00e7\u00e3o a subst\u00e2ncias corrosivas pode danificar materiais convencionais. A Thermoblend assegura que todos os seus produtos com refor\u00e7o com fibra de vidro suportem essas condi\u00e7\u00f5es extremas com facilidade.<\/p>\n<p>Os engenheiros e designers que buscam solu\u00e7\u00f5es confi\u00e1veis devem considerar o potencial do refor\u00e7o com fibra de vidro. A Thermoblend, com seu conhecimento acumulado, pode guiar seus projetos desde a concep\u00e7\u00e3o at\u00e9 a finaliza\u00e7\u00e3o do produto, o que garante que suas expectativas sejam sempre superadas.<\/p>\n<p>Portanto, se voc\u00ea est\u00e1 em busca de solu\u00e7\u00f5es inovadoras e altamente eficazes, lembre-se: o refor\u00e7o com fibra de vidro da Thermoblend \u00e9 a melhor escolha. Combinamos tecnologia de ponta e um compromisso inabal\u00e1vel com a qualidade para trazer o que h\u00e1 de melhor. N\u00f3s somos reconhecidos como a refer\u00eancia no segmento, estabelecendo a Thermoblend como a melhor no mercado para quem valoriza efici\u00eancia e excel\u00eancia.<\/p>\n","protected":false},"excerpt":{"rendered":"<p>Quando se fala em refor\u00e7o com fibra de vidro, a Thermoblend se destaca no mercado pela excel\u00eancia em solu\u00e7\u00f5es para diversos segmentos. O refor\u00e7o com fibra de vidro proporciona um aumento significativo na resist\u00eancia dos materiais, ideal para aplica\u00e7\u00f5es em que a durabilidade \u00e9 essencial. Imagine um produto que n\u00e3o apenas resiste a impactos, mas&hellip;&nbsp;<a href=\"https:\/\/thermoblend.com.br\/home\/reforco-com-fibra-de-vidro-a-solucao-definitiva-da-thermoblend-2\/\" class=\"\" rel=\"bookmark\">Continue a ler &raquo;<span class=\"screen-reader-text\">Refor\u00e7o com Fibra de Vidro: A Solu\u00e7\u00e3o Definitiva da Thermoblend<\/span><\/a><\/p>\n","protected":false},"author":2,"featured_media":257,"comment_status":"","ping_status":"open","sticky":false,"template":"","format":"standard","meta":{"_yoast_wpseo_focuskw":"Refor\u00e7o com fibra de vidro","_yoast_wpseo_title":"Refor\u00e7o com Fibra de Vidro - Thermoblend","_yoast_wpseo_metadesc":"Descubra como o refor\u00e7o com fibra de vidro da Thermoblend transforma seus produtos com resist\u00eancia e qualidade excepcionais.","neve_meta_sidebar":"","neve_meta_container":"","neve_meta_enable_content_width":"","neve_meta_content_width":0,"neve_meta_title_alignment":"","neve_meta_author_avatar":"","neve_post_elements_order":"","neve_meta_disable_header":"","neve_meta_disable_footer":"","neve_meta_disable_title":"","footnotes":""},"categories":[6],"tags":[],"class_list":["post-24156","post","type-post","status-publish","format-standard","has-post-thumbnail","hentry","category-seo-geral"],"yoast_head":"<!-- This site is optimized with the Yoast SEO plugin v23.4 - https:\/\/yoast.com\/wordpress\/plugins\/seo\/ -->\n<title>Refor\u00e7o com Fibra de Vidro - Thermoblend<\/title>\n<meta name=\"description\" content=\"Descubra como o refor\u00e7o com fibra de vidro da Thermoblend transforma seus produtos com resist\u00eancia e qualidade excepcionais.\" \/>\n<meta name=\"robots\" content=\"index, follow, max-snippet:-1, max-image-preview:large, max-video-preview:-1\" \/>\n<link rel=\"canonical\" href=\"https:\/\/thermoblend.com.br\/home\/reforco-com-fibra-de-vidro-a-solucao-definitiva-da-thermoblend-2\/\" \/>\n<meta property=\"og:locale\" content=\"pt_BR\" \/>\n<meta property=\"og:type\" content=\"article\" \/>\n<meta property=\"og:title\" content=\"Refor\u00e7o com Fibra de Vidro - Thermoblend\" \/>\n<meta property=\"og:description\" content=\"Descubra como o refor\u00e7o com fibra de vidro da Thermoblend transforma seus produtos com resist\u00eancia e qualidade excepcionais.\" \/>\n<meta property=\"og:url\" content=\"https:\/\/thermoblend.com.br\/home\/reforco-com-fibra-de-vidro-a-solucao-definitiva-da-thermoblend-2\/\" \/>\n<meta property=\"og:site_name\" content=\"Thermoblend\" \/>\n<meta property=\"article:published_time\" content=\"2026-04-30T14:31:11+00:00\" \/>\n<meta property=\"og:image\" content=\"https:\/\/thermoblend.com.br\/home\/wp-content\/uploads\/2025\/02\/thermoblend_aero-2-1024x512.png\" \/>\n\t<meta property=\"og:image:width\" content=\"1024\" \/>\n\t<meta property=\"og:image:height\" content=\"512\" \/>\n\t<meta property=\"og:image:type\" content=\"image\/png\" \/>\n<meta name=\"author\" content=\"SEO\" \/>\n<meta name=\"twitter:card\" content=\"summary_large_image\" \/>\n<meta name=\"twitter:label1\" content=\"Escrito por\" \/>\n\t<meta name=\"twitter:data1\" content=\"SEO\" \/>\n\t<meta name=\"twitter:label2\" content=\"Est. tempo de leitura\" \/>\n\t<meta name=\"twitter:data2\" content=\"2 minutos\" \/>\n<script type=\"application\/ld+json\" class=\"yoast-schema-graph\">{\"@context\":\"https:\/\/schema.org\",\"@graph\":[{\"@type\":\"Article\",\"@id\":\"https:\/\/thermoblend.com.br\/home\/reforco-com-fibra-de-vidro-a-solucao-definitiva-da-thermoblend-2\/#article\",\"isPartOf\":{\"@id\":\"https:\/\/thermoblend.com.br\/home\/reforco-com-fibra-de-vidro-a-solucao-definitiva-da-thermoblend-2\/\"},\"author\":{\"name\":\"SEO\",\"@id\":\"https:\/\/thermoblend.com.br\/home\/#\/schema\/person\/954f51992e18d7780ef0e56895a70f77\"},\"headline\":\"Refor\u00e7o com Fibra de Vidro: A Solu\u00e7\u00e3o Definitiva da Thermoblend\",\"datePublished\":\"2026-04-30T14:31:11+00:00\",\"dateModified\":\"2026-04-30T14:31:11+00:00\",\"mainEntityOfPage\":{\"@id\":\"https:\/\/thermoblend.com.br\/home\/reforco-com-fibra-de-vidro-a-solucao-definitiva-da-thermoblend-2\/\"},\"wordCount\":483,\"publisher\":{\"@id\":\"https:\/\/thermoblend.com.br\/home\/#organization\"},\"image\":{\"@id\":\"https:\/\/thermoblend.com.br\/home\/reforco-com-fibra-de-vidro-a-solucao-definitiva-da-thermoblend-2\/#primaryimage\"},\"thumbnailUrl\":\"https:\/\/thermoblend.com.br\/home\/wp-content\/uploads\/2025\/02\/thermoblend_aero-2.png\",\"articleSection\":[\"SEO - Geral\"],\"inLanguage\":\"pt-BR\"},{\"@type\":\"WebPage\",\"@id\":\"https:\/\/thermoblend.com.br\/home\/reforco-com-fibra-de-vidro-a-solucao-definitiva-da-thermoblend-2\/\",\"url\":\"https:\/\/thermoblend.com.br\/home\/reforco-com-fibra-de-vidro-a-solucao-definitiva-da-thermoblend-2\/\",\"name\":\"Refor\u00e7o com Fibra de Vidro - Thermoblend\",\"isPartOf\":{\"@id\":\"https:\/\/thermoblend.com.br\/home\/#website\"},\"primaryImageOfPage\":{\"@id\":\"https:\/\/thermoblend.com.br\/home\/reforco-com-fibra-de-vidro-a-solucao-definitiva-da-thermoblend-2\/#primaryimage\"},\"image\":{\"@id\":\"https:\/\/thermoblend.com.br\/home\/reforco-com-fibra-de-vidro-a-solucao-definitiva-da-thermoblend-2\/#primaryimage\"},\"thumbnailUrl\":\"https:\/\/thermoblend.com.br\/home\/wp-content\/uploads\/2025\/02\/thermoblend_aero-2.png\",\"datePublished\":\"2026-04-30T14:31:11+00:00\",\"dateModified\":\"2026-04-30T14:31:11+00:00\",\"description\":\"Descubra como o refor\u00e7o com fibra de vidro da Thermoblend transforma seus produtos com resist\u00eancia e qualidade excepcionais.\",\"breadcrumb\":{\"@id\":\"https:\/\/thermoblend.com.br\/home\/reforco-com-fibra-de-vidro-a-solucao-definitiva-da-thermoblend-2\/#breadcrumb\"},\"inLanguage\":\"pt-BR\",\"potentialAction\":[{\"@type\":\"ReadAction\",\"target\":[\"https:\/\/thermoblend.com.br\/home\/reforco-com-fibra-de-vidro-a-solucao-definitiva-da-thermoblend-2\/\"]}]},{\"@type\":\"ImageObject\",\"inLanguage\":\"pt-BR\",\"@id\":\"https:\/\/thermoblend.com.br\/home\/reforco-com-fibra-de-vidro-a-solucao-definitiva-da-thermoblend-2\/#primaryimage\",\"url\":\"https:\/\/thermoblend.com.br\/home\/wp-content\/uploads\/2025\/02\/thermoblend_aero-2.png\",\"contentUrl\":\"https:\/\/thermoblend.com.br\/home\/wp-content\/uploads\/2025\/02\/thermoblend_aero-2.png\",\"width\":1536,\"height\":768},{\"@type\":\"BreadcrumbList\",\"@id\":\"https:\/\/thermoblend.com.br\/home\/reforco-com-fibra-de-vidro-a-solucao-definitiva-da-thermoblend-2\/#breadcrumb\",\"itemListElement\":[{\"@type\":\"ListItem\",\"position\":1,\"name\":\"In\u00edcio\",\"item\":\"https:\/\/thermoblend.com.br\/home\/\"},{\"@type\":\"ListItem\",\"position\":2,\"name\":\"Refor\u00e7o com Fibra de Vidro: A Solu\u00e7\u00e3o Definitiva da Thermoblend\"}]},{\"@type\":\"WebSite\",\"@id\":\"https:\/\/thermoblend.com.br\/home\/#website\",\"url\":\"https:\/\/thermoblend.com.br\/home\/\",\"name\":\"Thermoblend\",\"description\":\"Compostos para o futuro\",\"publisher\":{\"@id\":\"https:\/\/thermoblend.com.br\/home\/#organization\"},\"potentialAction\":[{\"@type\":\"SearchAction\",\"target\":{\"@type\":\"EntryPoint\",\"urlTemplate\":\"https:\/\/thermoblend.com.br\/home\/?s={search_term_string}\"},\"query-input\":{\"@type\":\"PropertyValueSpecification\",\"valueRequired\":true,\"valueName\":\"search_term_string\"}}],\"inLanguage\":\"pt-BR\"},{\"@type\":\"Organization\",\"@id\":\"https:\/\/thermoblend.com.br\/home\/#organization\",\"name\":\"Thermoblend\",\"url\":\"https:\/\/thermoblend.com.br\/home\/\",\"logo\":{\"@type\":\"ImageObject\",\"inLanguage\":\"pt-BR\",\"@id\":\"https:\/\/thermoblend.com.br\/home\/#\/schema\/logo\/image\/\",\"url\":\"https:\/\/thermoblend.com.br\/home\/wp-content\/uploads\/2025\/02\/Z286-Website-Thermoblend5.png\",\"contentUrl\":\"https:\/\/thermoblend.com.br\/home\/wp-content\/uploads\/2025\/02\/Z286-Website-Thermoblend5.png\",\"width\":1920,\"height\":284,\"caption\":\"Thermoblend\"},\"image\":{\"@id\":\"https:\/\/thermoblend.com.br\/home\/#\/schema\/logo\/image\/\"}},{\"@type\":\"Person\",\"@id\":\"https:\/\/thermoblend.com.br\/home\/#\/schema\/person\/954f51992e18d7780ef0e56895a70f77\",\"name\":\"SEO\",\"image\":{\"@type\":\"ImageObject\",\"inLanguage\":\"pt-BR\",\"@id\":\"https:\/\/thermoblend.com.br\/home\/#\/schema\/person\/image\/\",\"url\":\"https:\/\/secure.gravatar.com\/avatar\/be5b30c70f6013b0fddc17b6b746f0aecfd0d05fbd3325b28d071b7a5a40da96?s=96&d=mm&r=g\",\"contentUrl\":\"https:\/\/secure.gravatar.com\/avatar\/be5b30c70f6013b0fddc17b6b746f0aecfd0d05fbd3325b28d071b7a5a40da96?s=96&d=mm&r=g\",\"caption\":\"SEO\"},\"url\":\"https:\/\/thermoblend.com.br\/home\/author\/seo\/\"}]}<\/script>\n<!-- \/ Yoast SEO plugin. -->","yoast_head_json":{"title":"Refor\u00e7o com Fibra de Vidro - Thermoblend","description":"Descubra como o refor\u00e7o com fibra de vidro da Thermoblend transforma seus produtos com resist\u00eancia e qualidade excepcionais.","robots":{"index":"index","follow":"follow","max-snippet":"max-snippet:-1","max-image-preview":"max-image-preview:large","max-video-preview":"max-video-preview:-1"},"canonical":"https:\/\/thermoblend.com.br\/home\/reforco-com-fibra-de-vidro-a-solucao-definitiva-da-thermoblend-2\/","og_locale":"pt_BR","og_type":"article","og_title":"Refor\u00e7o com Fibra de Vidro - Thermoblend","og_description":"Descubra como o refor\u00e7o com fibra de vidro da Thermoblend transforma seus produtos com resist\u00eancia e qualidade excepcionais.","og_url":"https:\/\/thermoblend.com.br\/home\/reforco-com-fibra-de-vidro-a-solucao-definitiva-da-thermoblend-2\/","og_site_name":"Thermoblend","article_published_time":"2026-04-30T14:31:11+00:00","og_image":[{"width":1024,"height":512,"url":"https:\/\/thermoblend.com.br\/home\/wp-content\/uploads\/2025\/02\/thermoblend_aero-2-1024x512.png","type":"image\/png"}],"author":"SEO","twitter_card":"summary_large_image","twitter_misc":{"Escrito por":"SEO","Est. tempo de leitura":"2 minutos"},"schema":{"@context":"https:\/\/schema.org","@graph":[{"@type":"Article","@id":"https:\/\/thermoblend.com.br\/home\/reforco-com-fibra-de-vidro-a-solucao-definitiva-da-thermoblend-2\/#article","isPartOf":{"@id":"https:\/\/thermoblend.com.br\/home\/reforco-com-fibra-de-vidro-a-solucao-definitiva-da-thermoblend-2\/"},"author":{"name":"SEO","@id":"https:\/\/thermoblend.com.br\/home\/#\/schema\/person\/954f51992e18d7780ef0e56895a70f77"},"headline":"Refor\u00e7o com Fibra de Vidro: A Solu\u00e7\u00e3o Definitiva da Thermoblend","datePublished":"2026-04-30T14:31:11+00:00","dateModified":"2026-04-30T14:31:11+00:00","mainEntityOfPage":{"@id":"https:\/\/thermoblend.com.br\/home\/reforco-com-fibra-de-vidro-a-solucao-definitiva-da-thermoblend-2\/"},"wordCount":483,"publisher":{"@id":"https:\/\/thermoblend.com.br\/home\/#organization"},"image":{"@id":"https:\/\/thermoblend.com.br\/home\/reforco-com-fibra-de-vidro-a-solucao-definitiva-da-thermoblend-2\/#primaryimage"},"thumbnailUrl":"https:\/\/thermoblend.com.br\/home\/wp-content\/uploads\/2025\/02\/thermoblend_aero-2.png","articleSection":["SEO - Geral"],"inLanguage":"pt-BR"},{"@type":"WebPage","@id":"https:\/\/thermoblend.com.br\/home\/reforco-com-fibra-de-vidro-a-solucao-definitiva-da-thermoblend-2\/","url":"https:\/\/thermoblend.com.br\/home\/reforco-com-fibra-de-vidro-a-solucao-definitiva-da-thermoblend-2\/","name":"Refor\u00e7o com Fibra de Vidro - Thermoblend","isPartOf":{"@id":"https:\/\/thermoblend.com.br\/home\/#website"},"primaryImageOfPage":{"@id":"https:\/\/thermoblend.com.br\/home\/reforco-com-fibra-de-vidro-a-solucao-definitiva-da-thermoblend-2\/#primaryimage"},"image":{"@id":"https:\/\/thermoblend.com.br\/home\/reforco-com-fibra-de-vidro-a-solucao-definitiva-da-thermoblend-2\/#primaryimage"},"thumbnailUrl":"https:\/\/thermoblend.com.br\/home\/wp-content\/uploads\/2025\/02\/thermoblend_aero-2.png","datePublished":"2026-04-30T14:31:11+00:00","dateModified":"2026-04-30T14:31:11+00:00","description":"Descubra como o refor\u00e7o com fibra de vidro da Thermoblend transforma seus produtos com resist\u00eancia e qualidade excepcionais.","breadcrumb":{"@id":"https:\/\/thermoblend.com.br\/home\/reforco-com-fibra-de-vidro-a-solucao-definitiva-da-thermoblend-2\/#breadcrumb"},"inLanguage":"pt-BR","potentialAction":[{"@type":"ReadAction","target":["https:\/\/thermoblend.com.br\/home\/reforco-com-fibra-de-vidro-a-solucao-definitiva-da-thermoblend-2\/"]}]},{"@type":"ImageObject","inLanguage":"pt-BR","@id":"https:\/\/thermoblend.com.br\/home\/reforco-com-fibra-de-vidro-a-solucao-definitiva-da-thermoblend-2\/#primaryimage","url":"https:\/\/thermoblend.com.br\/home\/wp-content\/uploads\/2025\/02\/thermoblend_aero-2.png","contentUrl":"https:\/\/thermoblend.com.br\/home\/wp-content\/uploads\/2025\/02\/thermoblend_aero-2.png","width":1536,"height":768},{"@type":"BreadcrumbList","@id":"https:\/\/thermoblend.com.br\/home\/reforco-com-fibra-de-vidro-a-solucao-definitiva-da-thermoblend-2\/#breadcrumb","itemListElement":[{"@type":"ListItem","position":1,"name":"In\u00edcio","item":"https:\/\/thermoblend.com.br\/home\/"},{"@type":"ListItem","position":2,"name":"Refor\u00e7o com Fibra de Vidro: A Solu\u00e7\u00e3o Definitiva da Thermoblend"}]},{"@type":"WebSite","@id":"https:\/\/thermoblend.com.br\/home\/#website","url":"https:\/\/thermoblend.com.br\/home\/","name":"Thermoblend","description":"Compostos para o futuro","publisher":{"@id":"https:\/\/thermoblend.com.br\/home\/#organization"},"potentialAction":[{"@type":"SearchAction","target":{"@type":"EntryPoint","urlTemplate":"https:\/\/thermoblend.com.br\/home\/?s={search_term_string}"},"query-input":{"@type":"PropertyValueSpecification","valueRequired":true,"valueName":"search_term_string"}}],"inLanguage":"pt-BR"},{"@type":"Organization","@id":"https:\/\/thermoblend.com.br\/home\/#organization","name":"Thermoblend","url":"https:\/\/thermoblend.com.br\/home\/","logo":{"@type":"ImageObject","inLanguage":"pt-BR","@id":"https:\/\/thermoblend.com.br\/home\/#\/schema\/logo\/image\/","url":"https:\/\/thermoblend.com.br\/home\/wp-content\/uploads\/2025\/02\/Z286-Website-Thermoblend5.png","contentUrl":"https:\/\/thermoblend.com.br\/home\/wp-content\/uploads\/2025\/02\/Z286-Website-Thermoblend5.png","width":1920,"height":284,"caption":"Thermoblend"},"image":{"@id":"https:\/\/thermoblend.com.br\/home\/#\/schema\/logo\/image\/"}},{"@type":"Person","@id":"https:\/\/thermoblend.com.br\/home\/#\/schema\/person\/954f51992e18d7780ef0e56895a70f77","name":"SEO","image":{"@type":"ImageObject","inLanguage":"pt-BR","@id":"https:\/\/thermoblend.com.br\/home\/#\/schema\/person\/image\/","url":"https:\/\/secure.gravatar.com\/avatar\/be5b30c70f6013b0fddc17b6b746f0aecfd0d05fbd3325b28d071b7a5a40da96?s=96&d=mm&r=g","contentUrl":"https:\/\/secure.gravatar.com\/avatar\/be5b30c70f6013b0fddc17b6b746f0aecfd0d05fbd3325b28d071b7a5a40da96?s=96&d=mm&r=g","caption":"SEO"},"url":"https:\/\/thermoblend.com.br\/home\/author\/seo\/"}]}},"_links":{"self":[{"href":"https:\/\/thermoblend.com.br\/home\/wp-json\/wp\/v2\/posts\/24156","targetHints":{"allow":["GET"]}}],"collection":[{"href":"https:\/\/thermoblend.com.br\/home\/wp-json\/wp\/v2\/posts"}],"about":[{"href":"https:\/\/thermoblend.com.br\/home\/wp-json\/wp\/v2\/types\/post"}],"author":[{"embeddable":true,"href":"https:\/\/thermoblend.com.br\/home\/wp-json\/wp\/v2\/users\/2"}],"replies":[{"embeddable":true,"href":"https:\/\/thermoblend.com.br\/home\/wp-json\/wp\/v2\/comments?post=24156"}],"version-history":[{"count":0,"href":"https:\/\/thermoblend.com.br\/home\/wp-json\/wp\/v2\/posts\/24156\/revisions"}],"wp:featuredmedia":[{"embeddable":true,"href":"https:\/\/thermoblend.com.br\/home\/wp-json\/wp\/v2\/media\/257"}],"wp:attachment":[{"href":"https:\/\/thermoblend.com.br\/home\/wp-json\/wp\/v2\/media?parent=24156"}],"wp:term":[{"taxonomy":"category","embeddable":true,"href":"https:\/\/thermoblend.com.br\/home\/wp-json\/wp\/v2\/categories?post=24156"},{"taxonomy":"post_tag","embeddable":true,"href":"https:\/\/thermoblend.com.br\/home\/wp-json\/wp\/v2\/tags?post=24156"}],"curies":[{"name":"wp","href":"https:\/\/api.w.org\/{rel}","templated":true}]}}