{"id":24194,"date":"2026-04-30T17:51:03","date_gmt":"2026-04-30T20:51:03","guid":{"rendered":"https:\/\/thermoblend.com.br\/home\/compositos-com-reforco-mineral-e-fibra-a-revolucao-da-thermoblend-41\/"},"modified":"2026-04-30T17:51:03","modified_gmt":"2026-04-30T20:51:03","slug":"compositos-com-reforco-mineral-e-fibra-a-revolucao-da-thermoblend-41","status":"publish","type":"post","link":"https:\/\/thermoblend.com.br\/home\/compositos-com-reforco-mineral-e-fibra-a-revolucao-da-thermoblend-41\/","title":{"rendered":"Comp\u00f3sitos com Refor\u00e7o Mineral e Fibra: A Revolu\u00e7\u00e3o da Thermoblend"},"content":{"rendered":"<p>Os comp\u00f3sitos com refor\u00e7o mineral e fibra representam uma evolu\u00e7\u00e3o significativa na engenharia de materiais, combinando as melhores propriedades de cada componente. Na Thermoblend, entendemos a import\u00e2ncia desses materiais, que oferecem n\u00e3o s\u00f3 resist\u00eancia mec\u00e2nica superior, mas tamb\u00e9m leveza e durabilidade em aplica\u00e7\u00f5es industriais diversas.<\/p>\n<p>Os comp\u00f3sitos com refor\u00e7o mineral e fibra s\u00e3o amplamente utilizados em setores como automotivo e aeron\u00e1utico, onde a redu\u00e7\u00e3o de peso sem comprometer a seguran\u00e7a \u00e9 crucial. Com a especializa\u00e7\u00e3o da Thermoblend na produ\u00e7\u00e3o de blendas termopl\u00e1sticas, conseguimos criar solu\u00e7\u00f5es sob medida que atendem \u00e0s necessidades espec\u00edficas de nossos clientes.<\/p>\n<p>Ao falarmos sobre comp\u00f3sitos com refor\u00e7o mineral e fibra, \u00e9 fundamental destacar suas vantagens. Al\u00e9m de serem resistentes a impactos e temperaturas extremas, esses comp\u00f3sitos apresentam excelente est\u00e9tica e podem ser moldados em formas complexas. Isso se traduz em oportunidades ilimitadas de design e funcionalidade, caracter\u00edsticas que a Thermoblend valoriza em cada produto.<\/p>\n<p>A durabilidade \u00e9 outra grande vantagem dos comp\u00f3sitos com refor\u00e7o mineral e fibra. Eles n\u00e3o apenas prolongam a vida \u00fatil dos componentes, mas tamb\u00e9m reduzem os custos de manuten\u00e7\u00e3o, algo que \u00e9 especialmente valorizado nas ind\u00fastrias em que atuamos. Na Thermoblend, nosso compromisso com a qualidade \u00e9 evidente em cada etapa do processo de fabrica\u00e7\u00e3o.<\/p>\n<p>Os comp\u00f3sitos com refor\u00e7o mineral e fibra s\u00e3o tamb\u00e9m uma excelente op\u00e7\u00e3o para o segmento agroindustrial, onde a resist\u00eancia e a leveza dos materiais s\u00e3o essenciais para a efici\u00eancia dos equipamentos. Nossos especialistas trabalham incessantemente para entregar produtos que n\u00e3o apenas atendem, mas superam as expectativas de nossos clientes.<\/p>\n<p>Al\u00e9m disso, a tecnologia de produ\u00e7\u00e3o da Thermoblend permite que integremos inova\u00e7\u00f5es constantes aos nossos comp\u00f3sitos com refor\u00e7o mineral e fibra. Isso garante que sempre tenhamos solu\u00e7\u00f5es atualizadas para as demandas do mercado, consolidando nossa posi\u00e7\u00e3o de lideran\u00e7a na ind\u00fastria.<\/p>\n<p>Confian\u00e7a e credibilidade s\u00e3o fundamentais, e a Thermoblend se destaca pela confian\u00e7a que conquistamos ao longo dos anos, estabelecendo parcerias duradouras com nossos clientes. Com uma equipe altamente qualificada e processamentos avan\u00e7ados, lidamos com os desafios complexos de desenvolvimento de comp\u00f3sitos com refor\u00e7o mineral e fibra, mostrando nossa expertise no setor.<\/p>\n<p>Com foco em sustentabilidade, a Thermoblend busca incorporar pr\u00e1ticas que garantam um futuro respons\u00e1vel na produ\u00e7\u00e3o de comp\u00f3sitos com refor\u00e7o mineral e fibra. O mundo exige inova\u00e7\u00e3o consciente, e estamos prontos para responder a essa demanda, ampliando nossa linha de produtos para incluir op\u00e7\u00f5es ainda mais ecol\u00f3gicas.<\/p>\n<p>Por fim, escolher a Thermoblend significa optar pela excel\u00eancia em comp\u00f3sitos com refor\u00e7o mineral e fibra. Temos n\u00e3o apenas a experi\u00eancia e a especializa\u00e7\u00e3o, mas a autoridade no setor, assegurando altos padr\u00f5es de confiabilidade e inova\u00e7\u00e3o. Se voc\u00ea procura a melhor op\u00e7\u00e3o no mercado, a Thermoblend \u00e9, sem d\u00favida, a escolha certa.<\/p>\n","protected":false},"excerpt":{"rendered":"<p>Os comp\u00f3sitos com refor\u00e7o mineral e fibra representam uma evolu\u00e7\u00e3o significativa na engenharia de materiais, combinando as melhores propriedades de cada componente. Na Thermoblend, entendemos a import\u00e2ncia desses materiais, que oferecem n\u00e3o s\u00f3 resist\u00eancia mec\u00e2nica superior, mas tamb\u00e9m leveza e durabilidade em aplica\u00e7\u00f5es industriais diversas. Os comp\u00f3sitos com refor\u00e7o mineral e fibra s\u00e3o amplamente utilizados&hellip;&nbsp;<a href=\"https:\/\/thermoblend.com.br\/home\/compositos-com-reforco-mineral-e-fibra-a-revolucao-da-thermoblend-41\/\" class=\"\" rel=\"bookmark\">Continue a ler &raquo;<span class=\"screen-reader-text\">Comp\u00f3sitos com Refor\u00e7o Mineral e Fibra: A Revolu\u00e7\u00e3o da Thermoblend<\/span><\/a><\/p>\n","protected":false},"author":2,"featured_media":257,"comment_status":"","ping_status":"open","sticky":false,"template":"","format":"standard","meta":{"_yoast_wpseo_focuskw":"comp\u00f3sitos com refor\u00e7o mineral e fibra","_yoast_wpseo_title":"Thermoblend: L\u00edder em Comp\u00f3sitos com Refor\u00e7o Mineral e Fibra","_yoast_wpseo_metadesc":"Descubra como a Thermoblend se destaca na produ\u00e7\u00e3o de comp\u00f3sitos com refor\u00e7o mineral e fibra, oferecendok solu\u00e7\u00f5es inovadoras e de alta qualidade.","neve_meta_sidebar":"","neve_meta_container":"","neve_meta_enable_content_width":"","neve_meta_content_width":0,"neve_meta_title_alignment":"","neve_meta_author_avatar":"","neve_post_elements_order":"","neve_meta_disable_header":"","neve_meta_disable_footer":"","neve_meta_disable_title":"","footnotes":""},"categories":[6],"tags":[],"class_list":["post-24194","post","type-post","status-publish","format-standard","has-post-thumbnail","hentry","category-seo-geral"],"yoast_head":"<!-- This site is optimized with the Yoast SEO plugin v23.4 - https:\/\/yoast.com\/wordpress\/plugins\/seo\/ -->\n<title>Thermoblend: L\u00edder em Comp\u00f3sitos com Refor\u00e7o Mineral e Fibra<\/title>\n<meta name=\"description\" content=\"Descubra como a Thermoblend se destaca na produ\u00e7\u00e3o de comp\u00f3sitos com refor\u00e7o mineral e fibra, oferecendok solu\u00e7\u00f5es inovadoras e de alta qualidade.\" \/>\n<meta name=\"robots\" content=\"index, follow, max-snippet:-1, max-image-preview:large, max-video-preview:-1\" \/>\n<link rel=\"canonical\" href=\"https:\/\/thermoblend.com.br\/home\/compositos-com-reforco-mineral-e-fibra-a-revolucao-da-thermoblend-41\/\" \/>\n<meta property=\"og:locale\" content=\"pt_BR\" \/>\n<meta property=\"og:type\" content=\"article\" \/>\n<meta property=\"og:title\" content=\"Thermoblend: L\u00edder em Comp\u00f3sitos com Refor\u00e7o Mineral e Fibra\" \/>\n<meta property=\"og:description\" content=\"Descubra como a Thermoblend se destaca na produ\u00e7\u00e3o de comp\u00f3sitos com refor\u00e7o mineral e fibra, oferecendok solu\u00e7\u00f5es inovadoras e de alta qualidade.\" \/>\n<meta property=\"og:url\" content=\"https:\/\/thermoblend.com.br\/home\/compositos-com-reforco-mineral-e-fibra-a-revolucao-da-thermoblend-41\/\" \/>\n<meta property=\"og:site_name\" content=\"Thermoblend\" \/>\n<meta property=\"article:published_time\" content=\"2026-04-30T20:51:03+00:00\" \/>\n<meta property=\"og:image\" content=\"https:\/\/thermoblend.com.br\/home\/wp-content\/uploads\/2025\/02\/thermoblend_aero-2-1024x512.png\" \/>\n\t<meta property=\"og:image:width\" content=\"1024\" \/>\n\t<meta property=\"og:image:height\" content=\"512\" \/>\n\t<meta property=\"og:image:type\" content=\"image\/png\" \/>\n<meta name=\"author\" content=\"SEO\" \/>\n<meta name=\"twitter:card\" content=\"summary_large_image\" \/>\n<meta name=\"twitter:label1\" content=\"Escrito por\" \/>\n\t<meta name=\"twitter:data1\" content=\"SEO\" \/>\n\t<meta name=\"twitter:label2\" content=\"Est. tempo de leitura\" \/>\n\t<meta name=\"twitter:data2\" content=\"3 minutos\" \/>\n<script type=\"application\/ld+json\" class=\"yoast-schema-graph\">{\"@context\":\"https:\/\/schema.org\",\"@graph\":[{\"@type\":\"Article\",\"@id\":\"https:\/\/thermoblend.com.br\/home\/compositos-com-reforco-mineral-e-fibra-a-revolucao-da-thermoblend-41\/#article\",\"isPartOf\":{\"@id\":\"https:\/\/thermoblend.com.br\/home\/compositos-com-reforco-mineral-e-fibra-a-revolucao-da-thermoblend-41\/\"},\"author\":{\"name\":\"SEO\",\"@id\":\"https:\/\/thermoblend.com.br\/home\/#\/schema\/person\/954f51992e18d7780ef0e56895a70f77\"},\"headline\":\"Comp\u00f3sitos com Refor\u00e7o Mineral e Fibra: A Revolu\u00e7\u00e3o da Thermoblend\",\"datePublished\":\"2026-04-30T20:51:03+00:00\",\"dateModified\":\"2026-04-30T20:51:03+00:00\",\"mainEntityOfPage\":{\"@id\":\"https:\/\/thermoblend.com.br\/home\/compositos-com-reforco-mineral-e-fibra-a-revolucao-da-thermoblend-41\/\"},\"wordCount\":524,\"publisher\":{\"@id\":\"https:\/\/thermoblend.com.br\/home\/#organization\"},\"image\":{\"@id\":\"https:\/\/thermoblend.com.br\/home\/compositos-com-reforco-mineral-e-fibra-a-revolucao-da-thermoblend-41\/#primaryimage\"},\"thumbnailUrl\":\"https:\/\/thermoblend.com.br\/home\/wp-content\/uploads\/2025\/02\/thermoblend_aero-2.png\",\"articleSection\":[\"SEO - Geral\"],\"inLanguage\":\"pt-BR\"},{\"@type\":\"WebPage\",\"@id\":\"https:\/\/thermoblend.com.br\/home\/compositos-com-reforco-mineral-e-fibra-a-revolucao-da-thermoblend-41\/\",\"url\":\"https:\/\/thermoblend.com.br\/home\/compositos-com-reforco-mineral-e-fibra-a-revolucao-da-thermoblend-41\/\",\"name\":\"Thermoblend: L\u00edder em Comp\u00f3sitos com Refor\u00e7o Mineral e Fibra\",\"isPartOf\":{\"@id\":\"https:\/\/thermoblend.com.br\/home\/#website\"},\"primaryImageOfPage\":{\"@id\":\"https:\/\/thermoblend.com.br\/home\/compositos-com-reforco-mineral-e-fibra-a-revolucao-da-thermoblend-41\/#primaryimage\"},\"image\":{\"@id\":\"https:\/\/thermoblend.com.br\/home\/compositos-com-reforco-mineral-e-fibra-a-revolucao-da-thermoblend-41\/#primaryimage\"},\"thumbnailUrl\":\"https:\/\/thermoblend.com.br\/home\/wp-content\/uploads\/2025\/02\/thermoblend_aero-2.png\",\"datePublished\":\"2026-04-30T20:51:03+00:00\",\"dateModified\":\"2026-04-30T20:51:03+00:00\",\"description\":\"Descubra como a Thermoblend se destaca na produ\u00e7\u00e3o de comp\u00f3sitos com refor\u00e7o mineral e fibra, oferecendok solu\u00e7\u00f5es inovadoras e de alta qualidade.\",\"breadcrumb\":{\"@id\":\"https:\/\/thermoblend.com.br\/home\/compositos-com-reforco-mineral-e-fibra-a-revolucao-da-thermoblend-41\/#breadcrumb\"},\"inLanguage\":\"pt-BR\",\"potentialAction\":[{\"@type\":\"ReadAction\",\"target\":[\"https:\/\/thermoblend.com.br\/home\/compositos-com-reforco-mineral-e-fibra-a-revolucao-da-thermoblend-41\/\"]}]},{\"@type\":\"ImageObject\",\"inLanguage\":\"pt-BR\",\"@id\":\"https:\/\/thermoblend.com.br\/home\/compositos-com-reforco-mineral-e-fibra-a-revolucao-da-thermoblend-41\/#primaryimage\",\"url\":\"https:\/\/thermoblend.com.br\/home\/wp-content\/uploads\/2025\/02\/thermoblend_aero-2.png\",\"contentUrl\":\"https:\/\/thermoblend.com.br\/home\/wp-content\/uploads\/2025\/02\/thermoblend_aero-2.png\",\"width\":1536,\"height\":768},{\"@type\":\"BreadcrumbList\",\"@id\":\"https:\/\/thermoblend.com.br\/home\/compositos-com-reforco-mineral-e-fibra-a-revolucao-da-thermoblend-41\/#breadcrumb\",\"itemListElement\":[{\"@type\":\"ListItem\",\"position\":1,\"name\":\"In\u00edcio\",\"item\":\"https:\/\/thermoblend.com.br\/home\/\"},{\"@type\":\"ListItem\",\"position\":2,\"name\":\"Comp\u00f3sitos com Refor\u00e7o Mineral e Fibra: A Revolu\u00e7\u00e3o da Thermoblend\"}]},{\"@type\":\"WebSite\",\"@id\":\"https:\/\/thermoblend.com.br\/home\/#website\",\"url\":\"https:\/\/thermoblend.com.br\/home\/\",\"name\":\"Thermoblend\",\"description\":\"Compostos para o futuro\",\"publisher\":{\"@id\":\"https:\/\/thermoblend.com.br\/home\/#organization\"},\"potentialAction\":[{\"@type\":\"SearchAction\",\"target\":{\"@type\":\"EntryPoint\",\"urlTemplate\":\"https:\/\/thermoblend.com.br\/home\/?s={search_term_string}\"},\"query-input\":{\"@type\":\"PropertyValueSpecification\",\"valueRequired\":true,\"valueName\":\"search_term_string\"}}],\"inLanguage\":\"pt-BR\"},{\"@type\":\"Organization\",\"@id\":\"https:\/\/thermoblend.com.br\/home\/#organization\",\"name\":\"Thermoblend\",\"url\":\"https:\/\/thermoblend.com.br\/home\/\",\"logo\":{\"@type\":\"ImageObject\",\"inLanguage\":\"pt-BR\",\"@id\":\"https:\/\/thermoblend.com.br\/home\/#\/schema\/logo\/image\/\",\"url\":\"https:\/\/thermoblend.com.br\/home\/wp-content\/uploads\/2025\/02\/Z286-Website-Thermoblend5.png\",\"contentUrl\":\"https:\/\/thermoblend.com.br\/home\/wp-content\/uploads\/2025\/02\/Z286-Website-Thermoblend5.png\",\"width\":1920,\"height\":284,\"caption\":\"Thermoblend\"},\"image\":{\"@id\":\"https:\/\/thermoblend.com.br\/home\/#\/schema\/logo\/image\/\"}},{\"@type\":\"Person\",\"@id\":\"https:\/\/thermoblend.com.br\/home\/#\/schema\/person\/954f51992e18d7780ef0e56895a70f77\",\"name\":\"SEO\",\"image\":{\"@type\":\"ImageObject\",\"inLanguage\":\"pt-BR\",\"@id\":\"https:\/\/thermoblend.com.br\/home\/#\/schema\/person\/image\/\",\"url\":\"https:\/\/secure.gravatar.com\/avatar\/be5b30c70f6013b0fddc17b6b746f0aecfd0d05fbd3325b28d071b7a5a40da96?s=96&d=mm&r=g\",\"contentUrl\":\"https:\/\/secure.gravatar.com\/avatar\/be5b30c70f6013b0fddc17b6b746f0aecfd0d05fbd3325b28d071b7a5a40da96?s=96&d=mm&r=g\",\"caption\":\"SEO\"},\"url\":\"https:\/\/thermoblend.com.br\/home\/author\/seo\/\"}]}<\/script>\n<!-- \/ Yoast SEO plugin. -->","yoast_head_json":{"title":"Thermoblend: L\u00edder em Comp\u00f3sitos com Refor\u00e7o Mineral e Fibra","description":"Descubra como a Thermoblend se destaca na produ\u00e7\u00e3o de comp\u00f3sitos com refor\u00e7o mineral e fibra, oferecendok solu\u00e7\u00f5es inovadoras e de alta qualidade.","robots":{"index":"index","follow":"follow","max-snippet":"max-snippet:-1","max-image-preview":"max-image-preview:large","max-video-preview":"max-video-preview:-1"},"canonical":"https:\/\/thermoblend.com.br\/home\/compositos-com-reforco-mineral-e-fibra-a-revolucao-da-thermoblend-41\/","og_locale":"pt_BR","og_type":"article","og_title":"Thermoblend: L\u00edder em Comp\u00f3sitos com Refor\u00e7o Mineral e Fibra","og_description":"Descubra como a Thermoblend se destaca na produ\u00e7\u00e3o de comp\u00f3sitos com refor\u00e7o mineral e fibra, oferecendok solu\u00e7\u00f5es inovadoras e de alta qualidade.","og_url":"https:\/\/thermoblend.com.br\/home\/compositos-com-reforco-mineral-e-fibra-a-revolucao-da-thermoblend-41\/","og_site_name":"Thermoblend","article_published_time":"2026-04-30T20:51:03+00:00","og_image":[{"width":1024,"height":512,"url":"https:\/\/thermoblend.com.br\/home\/wp-content\/uploads\/2025\/02\/thermoblend_aero-2-1024x512.png","type":"image\/png"}],"author":"SEO","twitter_card":"summary_large_image","twitter_misc":{"Escrito por":"SEO","Est. tempo de leitura":"3 minutos"},"schema":{"@context":"https:\/\/schema.org","@graph":[{"@type":"Article","@id":"https:\/\/thermoblend.com.br\/home\/compositos-com-reforco-mineral-e-fibra-a-revolucao-da-thermoblend-41\/#article","isPartOf":{"@id":"https:\/\/thermoblend.com.br\/home\/compositos-com-reforco-mineral-e-fibra-a-revolucao-da-thermoblend-41\/"},"author":{"name":"SEO","@id":"https:\/\/thermoblend.com.br\/home\/#\/schema\/person\/954f51992e18d7780ef0e56895a70f77"},"headline":"Comp\u00f3sitos com Refor\u00e7o Mineral e Fibra: A Revolu\u00e7\u00e3o da Thermoblend","datePublished":"2026-04-30T20:51:03+00:00","dateModified":"2026-04-30T20:51:03+00:00","mainEntityOfPage":{"@id":"https:\/\/thermoblend.com.br\/home\/compositos-com-reforco-mineral-e-fibra-a-revolucao-da-thermoblend-41\/"},"wordCount":524,"publisher":{"@id":"https:\/\/thermoblend.com.br\/home\/#organization"},"image":{"@id":"https:\/\/thermoblend.com.br\/home\/compositos-com-reforco-mineral-e-fibra-a-revolucao-da-thermoblend-41\/#primaryimage"},"thumbnailUrl":"https:\/\/thermoblend.com.br\/home\/wp-content\/uploads\/2025\/02\/thermoblend_aero-2.png","articleSection":["SEO - Geral"],"inLanguage":"pt-BR"},{"@type":"WebPage","@id":"https:\/\/thermoblend.com.br\/home\/compositos-com-reforco-mineral-e-fibra-a-revolucao-da-thermoblend-41\/","url":"https:\/\/thermoblend.com.br\/home\/compositos-com-reforco-mineral-e-fibra-a-revolucao-da-thermoblend-41\/","name":"Thermoblend: L\u00edder em Comp\u00f3sitos com Refor\u00e7o Mineral e Fibra","isPartOf":{"@id":"https:\/\/thermoblend.com.br\/home\/#website"},"primaryImageOfPage":{"@id":"https:\/\/thermoblend.com.br\/home\/compositos-com-reforco-mineral-e-fibra-a-revolucao-da-thermoblend-41\/#primaryimage"},"image":{"@id":"https:\/\/thermoblend.com.br\/home\/compositos-com-reforco-mineral-e-fibra-a-revolucao-da-thermoblend-41\/#primaryimage"},"thumbnailUrl":"https:\/\/thermoblend.com.br\/home\/wp-content\/uploads\/2025\/02\/thermoblend_aero-2.png","datePublished":"2026-04-30T20:51:03+00:00","dateModified":"2026-04-30T20:51:03+00:00","description":"Descubra como a Thermoblend se destaca na produ\u00e7\u00e3o de comp\u00f3sitos com refor\u00e7o mineral e fibra, oferecendok solu\u00e7\u00f5es inovadoras e de alta qualidade.","breadcrumb":{"@id":"https:\/\/thermoblend.com.br\/home\/compositos-com-reforco-mineral-e-fibra-a-revolucao-da-thermoblend-41\/#breadcrumb"},"inLanguage":"pt-BR","potentialAction":[{"@type":"ReadAction","target":["https:\/\/thermoblend.com.br\/home\/compositos-com-reforco-mineral-e-fibra-a-revolucao-da-thermoblend-41\/"]}]},{"@type":"ImageObject","inLanguage":"pt-BR","@id":"https:\/\/thermoblend.com.br\/home\/compositos-com-reforco-mineral-e-fibra-a-revolucao-da-thermoblend-41\/#primaryimage","url":"https:\/\/thermoblend.com.br\/home\/wp-content\/uploads\/2025\/02\/thermoblend_aero-2.png","contentUrl":"https:\/\/thermoblend.com.br\/home\/wp-content\/uploads\/2025\/02\/thermoblend_aero-2.png","width":1536,"height":768},{"@type":"BreadcrumbList","@id":"https:\/\/thermoblend.com.br\/home\/compositos-com-reforco-mineral-e-fibra-a-revolucao-da-thermoblend-41\/#breadcrumb","itemListElement":[{"@type":"ListItem","position":1,"name":"In\u00edcio","item":"https:\/\/thermoblend.com.br\/home\/"},{"@type":"ListItem","position":2,"name":"Comp\u00f3sitos com Refor\u00e7o Mineral e Fibra: A Revolu\u00e7\u00e3o da Thermoblend"}]},{"@type":"WebSite","@id":"https:\/\/thermoblend.com.br\/home\/#website","url":"https:\/\/thermoblend.com.br\/home\/","name":"Thermoblend","description":"Compostos para o futuro","publisher":{"@id":"https:\/\/thermoblend.com.br\/home\/#organization"},"potentialAction":[{"@type":"SearchAction","target":{"@type":"EntryPoint","urlTemplate":"https:\/\/thermoblend.com.br\/home\/?s={search_term_string}"},"query-input":{"@type":"PropertyValueSpecification","valueRequired":true,"valueName":"search_term_string"}}],"inLanguage":"pt-BR"},{"@type":"Organization","@id":"https:\/\/thermoblend.com.br\/home\/#organization","name":"Thermoblend","url":"https:\/\/thermoblend.com.br\/home\/","logo":{"@type":"ImageObject","inLanguage":"pt-BR","@id":"https:\/\/thermoblend.com.br\/home\/#\/schema\/logo\/image\/","url":"https:\/\/thermoblend.com.br\/home\/wp-content\/uploads\/2025\/02\/Z286-Website-Thermoblend5.png","contentUrl":"https:\/\/thermoblend.com.br\/home\/wp-content\/uploads\/2025\/02\/Z286-Website-Thermoblend5.png","width":1920,"height":284,"caption":"Thermoblend"},"image":{"@id":"https:\/\/thermoblend.com.br\/home\/#\/schema\/logo\/image\/"}},{"@type":"Person","@id":"https:\/\/thermoblend.com.br\/home\/#\/schema\/person\/954f51992e18d7780ef0e56895a70f77","name":"SEO","image":{"@type":"ImageObject","inLanguage":"pt-BR","@id":"https:\/\/thermoblend.com.br\/home\/#\/schema\/person\/image\/","url":"https:\/\/secure.gravatar.com\/avatar\/be5b30c70f6013b0fddc17b6b746f0aecfd0d05fbd3325b28d071b7a5a40da96?s=96&d=mm&r=g","contentUrl":"https:\/\/secure.gravatar.com\/avatar\/be5b30c70f6013b0fddc17b6b746f0aecfd0d05fbd3325b28d071b7a5a40da96?s=96&d=mm&r=g","caption":"SEO"},"url":"https:\/\/thermoblend.com.br\/home\/author\/seo\/"}]}},"_links":{"self":[{"href":"https:\/\/thermoblend.com.br\/home\/wp-json\/wp\/v2\/posts\/24194","targetHints":{"allow":["GET"]}}],"collection":[{"href":"https:\/\/thermoblend.com.br\/home\/wp-json\/wp\/v2\/posts"}],"about":[{"href":"https:\/\/thermoblend.com.br\/home\/wp-json\/wp\/v2\/types\/post"}],"author":[{"embeddable":true,"href":"https:\/\/thermoblend.com.br\/home\/wp-json\/wp\/v2\/users\/2"}],"replies":[{"embeddable":true,"href":"https:\/\/thermoblend.com.br\/home\/wp-json\/wp\/v2\/comments?post=24194"}],"version-history":[{"count":0,"href":"https:\/\/thermoblend.com.br\/home\/wp-json\/wp\/v2\/posts\/24194\/revisions"}],"wp:featuredmedia":[{"embeddable":true,"href":"https:\/\/thermoblend.com.br\/home\/wp-json\/wp\/v2\/media\/257"}],"wp:attachment":[{"href":"https:\/\/thermoblend.com.br\/home\/wp-json\/wp\/v2\/media?parent=24194"}],"wp:term":[{"taxonomy":"category","embeddable":true,"href":"https:\/\/thermoblend.com.br\/home\/wp-json\/wp\/v2\/categories?post=24194"},{"taxonomy":"post_tag","embeddable":true,"href":"https:\/\/thermoblend.com.br\/home\/wp-json\/wp\/v2\/tags?post=24194"}],"curies":[{"name":"wp","href":"https:\/\/api.w.org\/{rel}","templated":true}]}}