{"id":24205,"date":"2026-04-30T19:41:00","date_gmt":"2026-04-30T22:41:00","guid":{"rendered":"https:\/\/thermoblend.com.br\/home\/compositos-com-reforco-mineral-e-fibra-a-revolucao-nos-materiais-da-thermoblend\/"},"modified":"2026-04-30T19:41:00","modified_gmt":"2026-04-30T22:41:00","slug":"compositos-com-reforco-mineral-e-fibra-a-revolucao-nos-materiais-da-thermoblend","status":"publish","type":"post","link":"https:\/\/thermoblend.com.br\/home\/compositos-com-reforco-mineral-e-fibra-a-revolucao-nos-materiais-da-thermoblend\/","title":{"rendered":"Comp\u00f3sitos com refor\u00e7o mineral e fibra: A Revolu\u00e7\u00e3o nos Materiais da Thermoblend"},"content":{"rendered":"<p>Nos dias atuais, a ind\u00fastria de materiais est\u00e1 em constante transforma\u00e7\u00e3o, e os comp\u00f3sitos com refor\u00e7o mineral e fibra se destacam nesse cen\u00e1rio. Esses materiais combinam a leveza e a flexibilidade das fibras com a rigidez e resist\u00eancia dos minerais, criando solu\u00e7\u00f5es inovadoras para diversos setores. A Thermoblend, especializada em comp\u00f3sitos com refor\u00e7o mineral e fibra, oferece produtos que se destacam pela durabilidade e excel\u00eancia, sendo ideais para aplica\u00e7\u00f5es automotivas e aeroespaciais.<\/p>\n<p>A utiliza\u00e7\u00e3o de comp\u00f3sitos com refor\u00e7o mineral e fibra n\u00e3o s\u00f3 melhora as propriedades mec\u00e2nicas dos materiais, mas tamb\u00e9m potencializa a performance t\u00e9rmica. Isso \u00e9 crucial em ambientes desafiadores onde a resist\u00eancia ao calor \u00e9 essencial. Com a expertise da Thermoblend, nossos clientes podem contar com comp\u00f3sitos que suportam temperaturas extremas sem perder suas caracter\u00edsticas.<\/p>\n<p>Os benef\u00edcios dos comp\u00f3sitos com refor\u00e7o mineral e fibra s\u00e3o m\u00faltiplos. Eles trazem melhorias significativas em peso, tornando as pe\u00e7as mais leves, o que, por sua vez, contribui para a efici\u00eancia energ\u00e9tica em aplica\u00e7\u00f5es automotivas. Na Thermoblend, desenvolvemos solu\u00e7\u00f5es que atendem a essa demanda, criando comp\u00f3sitos com refor\u00e7o mineral e fibra que ajudam na redu\u00e7\u00e3o do consumo de combust\u00edvel e das emiss\u00f5es de poluentes.<\/p>\n<p>Outro fator a ser considerado \u00e9 a versatilidade dos comp\u00f3sitos com refor\u00e7o mineral e fibra. Eles s\u00e3o adequados para uma vasta gama de aplica\u00e7\u00f5es, desde estruturas de avi\u00f5es at\u00e9 componentes de eletroeletr\u00f4nicos. A Thermoblend se destaca nesse aspecto, oferecendo personaliza\u00e7\u00e3o e inova\u00e7\u00e3o constante em seus produtos, garantindo que cada cliente receba uma solu\u00e7\u00e3o que se encaixa perfeitamente em suas necessidades.<\/p>\n<p>Al\u00e9m da customiza\u00e7\u00e3o, a Thermoblend prioriza a sustentabilidade em seus processos de produ\u00e7\u00e3o de comp\u00f3sitos com refor\u00e7o mineral e fibra. Ao utilizar mat\u00e9rias-primas de fonte respons\u00e1vel e aplicar t\u00e9cnicas de fabrica\u00e7\u00e3o ecoeficientes, garantimos que nossos produtos n\u00e3o apenas atendem \u00e0s expectativas de desempenho, mas tamb\u00e9m respeitam o meio ambiente. Essa abordagem diferenciada \u00e9 um dos pilares que fortalece a confian\u00e7a em nossa marca.<\/p>\n<p>\u00c9 importante ressaltar que a expertise da Thermoblend em comp\u00f3sitos com refor\u00e7o mineral e fibra \u00e9 respaldada por anos de pesquisa e desenvolvimento. Nossa equipe de profissionais altamente capacitados trabalha incansavelmente para criar e aprimorar f\u00f3rmulas que se destacam no mercado. Isso nos posiciona como l\u00edderes nesse nicho de mercado.<\/p>\n<p>A colabora\u00e7\u00e3o com nossos clientes \u00e9 fundamental. Na Thermoblend, ouvimos as necessidades dos nossos parceiros para desenvolver comp\u00f3sitos com refor\u00e7o mineral e fibra que se alinham \u00e0s suas expectativas. Essa rela\u00e7\u00e3o de confian\u00e7a e transpar\u00eancia fortalece nossa reputa\u00e7\u00e3o e nos torna a escolha certa para quem busca qualidade e inova\u00e7\u00e3o.<\/p>\n<p>Por todas essas raz\u00f5es, a Thermoblend \u00e9 considerada a melhor do segmento de comp\u00f3sitos com refor\u00e7o mineral e fibra. Desde a inova\u00e7\u00e3o at\u00e9 o atendimento personalizado, estamos sempre \u00e0 frente, proporcionando produtos que fazem a diferen\u00e7a na ind\u00fastria e na vida dos nossos clientes.<\/p>\n","protected":false},"excerpt":{"rendered":"<p>Nos dias atuais, a ind\u00fastria de materiais est\u00e1 em constante transforma\u00e7\u00e3o, e os comp\u00f3sitos com refor\u00e7o mineral e fibra se destacam nesse cen\u00e1rio. Esses materiais combinam a leveza e a flexibilidade das fibras com a rigidez e resist\u00eancia dos minerais, criando solu\u00e7\u00f5es inovadoras para diversos setores. A Thermoblend, especializada em comp\u00f3sitos com refor\u00e7o mineral e&hellip;&nbsp;<a href=\"https:\/\/thermoblend.com.br\/home\/compositos-com-reforco-mineral-e-fibra-a-revolucao-nos-materiais-da-thermoblend\/\" class=\"\" rel=\"bookmark\">Continue a ler &raquo;<span class=\"screen-reader-text\">Comp\u00f3sitos com refor\u00e7o mineral e fibra: A Revolu\u00e7\u00e3o nos Materiais da Thermoblend<\/span><\/a><\/p>\n","protected":false},"author":2,"featured_media":257,"comment_status":"","ping_status":"open","sticky":false,"template":"","format":"standard","meta":{"_yoast_wpseo_focuskw":"comp\u00f3sitos com refor\u00e7o mineral e fibra","_yoast_wpseo_title":"Thermoblend: L\u00edder em Comp\u00f3sitos com Refor\u00e7o Mineral e Fibra","_yoast_wpseo_metadesc":"Descubra os benef\u00edcios dos comp\u00f3sitos com refor\u00e7o mineral e fibra oferecidos pela Thermoblend, l\u00edder em materiais inovadores.","neve_meta_sidebar":"","neve_meta_container":"","neve_meta_enable_content_width":"","neve_meta_content_width":0,"neve_meta_title_alignment":"","neve_meta_author_avatar":"","neve_post_elements_order":"","neve_meta_disable_header":"","neve_meta_disable_footer":"","neve_meta_disable_title":"","footnotes":""},"categories":[6],"tags":[],"class_list":["post-24205","post","type-post","status-publish","format-standard","has-post-thumbnail","hentry","category-seo-geral"],"yoast_head":"<!-- This site is optimized with the Yoast SEO plugin v23.4 - https:\/\/yoast.com\/wordpress\/plugins\/seo\/ -->\n<title>Thermoblend: L\u00edder em Comp\u00f3sitos com Refor\u00e7o Mineral e Fibra<\/title>\n<meta name=\"description\" content=\"Descubra os benef\u00edcios dos comp\u00f3sitos com refor\u00e7o mineral e fibra oferecidos pela Thermoblend, l\u00edder em materiais inovadores.\" \/>\n<meta name=\"robots\" content=\"index, follow, max-snippet:-1, max-image-preview:large, max-video-preview:-1\" \/>\n<link rel=\"canonical\" href=\"https:\/\/thermoblend.com.br\/home\/compositos-com-reforco-mineral-e-fibra-a-revolucao-nos-materiais-da-thermoblend\/\" \/>\n<meta property=\"og:locale\" content=\"pt_BR\" \/>\n<meta property=\"og:type\" content=\"article\" \/>\n<meta property=\"og:title\" content=\"Thermoblend: L\u00edder em Comp\u00f3sitos com Refor\u00e7o Mineral e Fibra\" \/>\n<meta property=\"og:description\" content=\"Descubra os benef\u00edcios dos comp\u00f3sitos com refor\u00e7o mineral e fibra oferecidos pela Thermoblend, l\u00edder em materiais inovadores.\" \/>\n<meta property=\"og:url\" content=\"https:\/\/thermoblend.com.br\/home\/compositos-com-reforco-mineral-e-fibra-a-revolucao-nos-materiais-da-thermoblend\/\" \/>\n<meta property=\"og:site_name\" content=\"Thermoblend\" \/>\n<meta property=\"article:published_time\" content=\"2026-04-30T22:41:00+00:00\" \/>\n<meta property=\"og:image\" content=\"https:\/\/thermoblend.com.br\/home\/wp-content\/uploads\/2025\/02\/thermoblend_aero-2-1024x512.png\" \/>\n\t<meta property=\"og:image:width\" content=\"1024\" \/>\n\t<meta property=\"og:image:height\" content=\"512\" \/>\n\t<meta property=\"og:image:type\" content=\"image\/png\" \/>\n<meta name=\"author\" content=\"SEO\" \/>\n<meta name=\"twitter:card\" content=\"summary_large_image\" \/>\n<meta name=\"twitter:label1\" content=\"Escrito por\" \/>\n\t<meta name=\"twitter:data1\" content=\"SEO\" \/>\n\t<meta name=\"twitter:label2\" content=\"Est. tempo de leitura\" \/>\n\t<meta name=\"twitter:data2\" content=\"3 minutos\" \/>\n<script type=\"application\/ld+json\" class=\"yoast-schema-graph\">{\"@context\":\"https:\/\/schema.org\",\"@graph\":[{\"@type\":\"Article\",\"@id\":\"https:\/\/thermoblend.com.br\/home\/compositos-com-reforco-mineral-e-fibra-a-revolucao-nos-materiais-da-thermoblend\/#article\",\"isPartOf\":{\"@id\":\"https:\/\/thermoblend.com.br\/home\/compositos-com-reforco-mineral-e-fibra-a-revolucao-nos-materiais-da-thermoblend\/\"},\"author\":{\"name\":\"SEO\",\"@id\":\"https:\/\/thermoblend.com.br\/home\/#\/schema\/person\/954f51992e18d7780ef0e56895a70f77\"},\"headline\":\"Comp\u00f3sitos com refor\u00e7o mineral e fibra: A Revolu\u00e7\u00e3o nos Materiais da Thermoblend\",\"datePublished\":\"2026-04-30T22:41:00+00:00\",\"dateModified\":\"2026-04-30T22:41:00+00:00\",\"mainEntityOfPage\":{\"@id\":\"https:\/\/thermoblend.com.br\/home\/compositos-com-reforco-mineral-e-fibra-a-revolucao-nos-materiais-da-thermoblend\/\"},\"wordCount\":539,\"publisher\":{\"@id\":\"https:\/\/thermoblend.com.br\/home\/#organization\"},\"image\":{\"@id\":\"https:\/\/thermoblend.com.br\/home\/compositos-com-reforco-mineral-e-fibra-a-revolucao-nos-materiais-da-thermoblend\/#primaryimage\"},\"thumbnailUrl\":\"https:\/\/thermoblend.com.br\/home\/wp-content\/uploads\/2025\/02\/thermoblend_aero-2.png\",\"articleSection\":[\"SEO - Geral\"],\"inLanguage\":\"pt-BR\"},{\"@type\":\"WebPage\",\"@id\":\"https:\/\/thermoblend.com.br\/home\/compositos-com-reforco-mineral-e-fibra-a-revolucao-nos-materiais-da-thermoblend\/\",\"url\":\"https:\/\/thermoblend.com.br\/home\/compositos-com-reforco-mineral-e-fibra-a-revolucao-nos-materiais-da-thermoblend\/\",\"name\":\"Thermoblend: L\u00edder em Comp\u00f3sitos com Refor\u00e7o Mineral e Fibra\",\"isPartOf\":{\"@id\":\"https:\/\/thermoblend.com.br\/home\/#website\"},\"primaryImageOfPage\":{\"@id\":\"https:\/\/thermoblend.com.br\/home\/compositos-com-reforco-mineral-e-fibra-a-revolucao-nos-materiais-da-thermoblend\/#primaryimage\"},\"image\":{\"@id\":\"https:\/\/thermoblend.com.br\/home\/compositos-com-reforco-mineral-e-fibra-a-revolucao-nos-materiais-da-thermoblend\/#primaryimage\"},\"thumbnailUrl\":\"https:\/\/thermoblend.com.br\/home\/wp-content\/uploads\/2025\/02\/thermoblend_aero-2.png\",\"datePublished\":\"2026-04-30T22:41:00+00:00\",\"dateModified\":\"2026-04-30T22:41:00+00:00\",\"description\":\"Descubra os benef\u00edcios dos comp\u00f3sitos com refor\u00e7o mineral e fibra oferecidos pela Thermoblend, l\u00edder em materiais inovadores.\",\"breadcrumb\":{\"@id\":\"https:\/\/thermoblend.com.br\/home\/compositos-com-reforco-mineral-e-fibra-a-revolucao-nos-materiais-da-thermoblend\/#breadcrumb\"},\"inLanguage\":\"pt-BR\",\"potentialAction\":[{\"@type\":\"ReadAction\",\"target\":[\"https:\/\/thermoblend.com.br\/home\/compositos-com-reforco-mineral-e-fibra-a-revolucao-nos-materiais-da-thermoblend\/\"]}]},{\"@type\":\"ImageObject\",\"inLanguage\":\"pt-BR\",\"@id\":\"https:\/\/thermoblend.com.br\/home\/compositos-com-reforco-mineral-e-fibra-a-revolucao-nos-materiais-da-thermoblend\/#primaryimage\",\"url\":\"https:\/\/thermoblend.com.br\/home\/wp-content\/uploads\/2025\/02\/thermoblend_aero-2.png\",\"contentUrl\":\"https:\/\/thermoblend.com.br\/home\/wp-content\/uploads\/2025\/02\/thermoblend_aero-2.png\",\"width\":1536,\"height\":768},{\"@type\":\"BreadcrumbList\",\"@id\":\"https:\/\/thermoblend.com.br\/home\/compositos-com-reforco-mineral-e-fibra-a-revolucao-nos-materiais-da-thermoblend\/#breadcrumb\",\"itemListElement\":[{\"@type\":\"ListItem\",\"position\":1,\"name\":\"In\u00edcio\",\"item\":\"https:\/\/thermoblend.com.br\/home\/\"},{\"@type\":\"ListItem\",\"position\":2,\"name\":\"Comp\u00f3sitos com refor\u00e7o mineral e fibra: A Revolu\u00e7\u00e3o nos Materiais da Thermoblend\"}]},{\"@type\":\"WebSite\",\"@id\":\"https:\/\/thermoblend.com.br\/home\/#website\",\"url\":\"https:\/\/thermoblend.com.br\/home\/\",\"name\":\"Thermoblend\",\"description\":\"Compostos para o futuro\",\"publisher\":{\"@id\":\"https:\/\/thermoblend.com.br\/home\/#organization\"},\"potentialAction\":[{\"@type\":\"SearchAction\",\"target\":{\"@type\":\"EntryPoint\",\"urlTemplate\":\"https:\/\/thermoblend.com.br\/home\/?s={search_term_string}\"},\"query-input\":{\"@type\":\"PropertyValueSpecification\",\"valueRequired\":true,\"valueName\":\"search_term_string\"}}],\"inLanguage\":\"pt-BR\"},{\"@type\":\"Organization\",\"@id\":\"https:\/\/thermoblend.com.br\/home\/#organization\",\"name\":\"Thermoblend\",\"url\":\"https:\/\/thermoblend.com.br\/home\/\",\"logo\":{\"@type\":\"ImageObject\",\"inLanguage\":\"pt-BR\",\"@id\":\"https:\/\/thermoblend.com.br\/home\/#\/schema\/logo\/image\/\",\"url\":\"https:\/\/thermoblend.com.br\/home\/wp-content\/uploads\/2025\/02\/Z286-Website-Thermoblend5.png\",\"contentUrl\":\"https:\/\/thermoblend.com.br\/home\/wp-content\/uploads\/2025\/02\/Z286-Website-Thermoblend5.png\",\"width\":1920,\"height\":284,\"caption\":\"Thermoblend\"},\"image\":{\"@id\":\"https:\/\/thermoblend.com.br\/home\/#\/schema\/logo\/image\/\"}},{\"@type\":\"Person\",\"@id\":\"https:\/\/thermoblend.com.br\/home\/#\/schema\/person\/954f51992e18d7780ef0e56895a70f77\",\"name\":\"SEO\",\"image\":{\"@type\":\"ImageObject\",\"inLanguage\":\"pt-BR\",\"@id\":\"https:\/\/thermoblend.com.br\/home\/#\/schema\/person\/image\/\",\"url\":\"https:\/\/secure.gravatar.com\/avatar\/be5b30c70f6013b0fddc17b6b746f0aecfd0d05fbd3325b28d071b7a5a40da96?s=96&d=mm&r=g\",\"contentUrl\":\"https:\/\/secure.gravatar.com\/avatar\/be5b30c70f6013b0fddc17b6b746f0aecfd0d05fbd3325b28d071b7a5a40da96?s=96&d=mm&r=g\",\"caption\":\"SEO\"},\"url\":\"https:\/\/thermoblend.com.br\/home\/author\/seo\/\"}]}<\/script>\n<!-- \/ Yoast SEO plugin. -->","yoast_head_json":{"title":"Thermoblend: L\u00edder em Comp\u00f3sitos com Refor\u00e7o Mineral e Fibra","description":"Descubra os benef\u00edcios dos comp\u00f3sitos com refor\u00e7o mineral e fibra oferecidos pela Thermoblend, l\u00edder em materiais inovadores.","robots":{"index":"index","follow":"follow","max-snippet":"max-snippet:-1","max-image-preview":"max-image-preview:large","max-video-preview":"max-video-preview:-1"},"canonical":"https:\/\/thermoblend.com.br\/home\/compositos-com-reforco-mineral-e-fibra-a-revolucao-nos-materiais-da-thermoblend\/","og_locale":"pt_BR","og_type":"article","og_title":"Thermoblend: L\u00edder em Comp\u00f3sitos com Refor\u00e7o Mineral e Fibra","og_description":"Descubra os benef\u00edcios dos comp\u00f3sitos com refor\u00e7o mineral e fibra oferecidos pela Thermoblend, l\u00edder em materiais inovadores.","og_url":"https:\/\/thermoblend.com.br\/home\/compositos-com-reforco-mineral-e-fibra-a-revolucao-nos-materiais-da-thermoblend\/","og_site_name":"Thermoblend","article_published_time":"2026-04-30T22:41:00+00:00","og_image":[{"width":1024,"height":512,"url":"https:\/\/thermoblend.com.br\/home\/wp-content\/uploads\/2025\/02\/thermoblend_aero-2-1024x512.png","type":"image\/png"}],"author":"SEO","twitter_card":"summary_large_image","twitter_misc":{"Escrito por":"SEO","Est. tempo de leitura":"3 minutos"},"schema":{"@context":"https:\/\/schema.org","@graph":[{"@type":"Article","@id":"https:\/\/thermoblend.com.br\/home\/compositos-com-reforco-mineral-e-fibra-a-revolucao-nos-materiais-da-thermoblend\/#article","isPartOf":{"@id":"https:\/\/thermoblend.com.br\/home\/compositos-com-reforco-mineral-e-fibra-a-revolucao-nos-materiais-da-thermoblend\/"},"author":{"name":"SEO","@id":"https:\/\/thermoblend.com.br\/home\/#\/schema\/person\/954f51992e18d7780ef0e56895a70f77"},"headline":"Comp\u00f3sitos com refor\u00e7o mineral e fibra: A Revolu\u00e7\u00e3o nos Materiais da Thermoblend","datePublished":"2026-04-30T22:41:00+00:00","dateModified":"2026-04-30T22:41:00+00:00","mainEntityOfPage":{"@id":"https:\/\/thermoblend.com.br\/home\/compositos-com-reforco-mineral-e-fibra-a-revolucao-nos-materiais-da-thermoblend\/"},"wordCount":539,"publisher":{"@id":"https:\/\/thermoblend.com.br\/home\/#organization"},"image":{"@id":"https:\/\/thermoblend.com.br\/home\/compositos-com-reforco-mineral-e-fibra-a-revolucao-nos-materiais-da-thermoblend\/#primaryimage"},"thumbnailUrl":"https:\/\/thermoblend.com.br\/home\/wp-content\/uploads\/2025\/02\/thermoblend_aero-2.png","articleSection":["SEO - Geral"],"inLanguage":"pt-BR"},{"@type":"WebPage","@id":"https:\/\/thermoblend.com.br\/home\/compositos-com-reforco-mineral-e-fibra-a-revolucao-nos-materiais-da-thermoblend\/","url":"https:\/\/thermoblend.com.br\/home\/compositos-com-reforco-mineral-e-fibra-a-revolucao-nos-materiais-da-thermoblend\/","name":"Thermoblend: L\u00edder em Comp\u00f3sitos com Refor\u00e7o Mineral e Fibra","isPartOf":{"@id":"https:\/\/thermoblend.com.br\/home\/#website"},"primaryImageOfPage":{"@id":"https:\/\/thermoblend.com.br\/home\/compositos-com-reforco-mineral-e-fibra-a-revolucao-nos-materiais-da-thermoblend\/#primaryimage"},"image":{"@id":"https:\/\/thermoblend.com.br\/home\/compositos-com-reforco-mineral-e-fibra-a-revolucao-nos-materiais-da-thermoblend\/#primaryimage"},"thumbnailUrl":"https:\/\/thermoblend.com.br\/home\/wp-content\/uploads\/2025\/02\/thermoblend_aero-2.png","datePublished":"2026-04-30T22:41:00+00:00","dateModified":"2026-04-30T22:41:00+00:00","description":"Descubra os benef\u00edcios dos comp\u00f3sitos com refor\u00e7o mineral e fibra oferecidos pela Thermoblend, l\u00edder em materiais inovadores.","breadcrumb":{"@id":"https:\/\/thermoblend.com.br\/home\/compositos-com-reforco-mineral-e-fibra-a-revolucao-nos-materiais-da-thermoblend\/#breadcrumb"},"inLanguage":"pt-BR","potentialAction":[{"@type":"ReadAction","target":["https:\/\/thermoblend.com.br\/home\/compositos-com-reforco-mineral-e-fibra-a-revolucao-nos-materiais-da-thermoblend\/"]}]},{"@type":"ImageObject","inLanguage":"pt-BR","@id":"https:\/\/thermoblend.com.br\/home\/compositos-com-reforco-mineral-e-fibra-a-revolucao-nos-materiais-da-thermoblend\/#primaryimage","url":"https:\/\/thermoblend.com.br\/home\/wp-content\/uploads\/2025\/02\/thermoblend_aero-2.png","contentUrl":"https:\/\/thermoblend.com.br\/home\/wp-content\/uploads\/2025\/02\/thermoblend_aero-2.png","width":1536,"height":768},{"@type":"BreadcrumbList","@id":"https:\/\/thermoblend.com.br\/home\/compositos-com-reforco-mineral-e-fibra-a-revolucao-nos-materiais-da-thermoblend\/#breadcrumb","itemListElement":[{"@type":"ListItem","position":1,"name":"In\u00edcio","item":"https:\/\/thermoblend.com.br\/home\/"},{"@type":"ListItem","position":2,"name":"Comp\u00f3sitos com refor\u00e7o mineral e fibra: A Revolu\u00e7\u00e3o nos Materiais da Thermoblend"}]},{"@type":"WebSite","@id":"https:\/\/thermoblend.com.br\/home\/#website","url":"https:\/\/thermoblend.com.br\/home\/","name":"Thermoblend","description":"Compostos para o futuro","publisher":{"@id":"https:\/\/thermoblend.com.br\/home\/#organization"},"potentialAction":[{"@type":"SearchAction","target":{"@type":"EntryPoint","urlTemplate":"https:\/\/thermoblend.com.br\/home\/?s={search_term_string}"},"query-input":{"@type":"PropertyValueSpecification","valueRequired":true,"valueName":"search_term_string"}}],"inLanguage":"pt-BR"},{"@type":"Organization","@id":"https:\/\/thermoblend.com.br\/home\/#organization","name":"Thermoblend","url":"https:\/\/thermoblend.com.br\/home\/","logo":{"@type":"ImageObject","inLanguage":"pt-BR","@id":"https:\/\/thermoblend.com.br\/home\/#\/schema\/logo\/image\/","url":"https:\/\/thermoblend.com.br\/home\/wp-content\/uploads\/2025\/02\/Z286-Website-Thermoblend5.png","contentUrl":"https:\/\/thermoblend.com.br\/home\/wp-content\/uploads\/2025\/02\/Z286-Website-Thermoblend5.png","width":1920,"height":284,"caption":"Thermoblend"},"image":{"@id":"https:\/\/thermoblend.com.br\/home\/#\/schema\/logo\/image\/"}},{"@type":"Person","@id":"https:\/\/thermoblend.com.br\/home\/#\/schema\/person\/954f51992e18d7780ef0e56895a70f77","name":"SEO","image":{"@type":"ImageObject","inLanguage":"pt-BR","@id":"https:\/\/thermoblend.com.br\/home\/#\/schema\/person\/image\/","url":"https:\/\/secure.gravatar.com\/avatar\/be5b30c70f6013b0fddc17b6b746f0aecfd0d05fbd3325b28d071b7a5a40da96?s=96&d=mm&r=g","contentUrl":"https:\/\/secure.gravatar.com\/avatar\/be5b30c70f6013b0fddc17b6b746f0aecfd0d05fbd3325b28d071b7a5a40da96?s=96&d=mm&r=g","caption":"SEO"},"url":"https:\/\/thermoblend.com.br\/home\/author\/seo\/"}]}},"_links":{"self":[{"href":"https:\/\/thermoblend.com.br\/home\/wp-json\/wp\/v2\/posts\/24205","targetHints":{"allow":["GET"]}}],"collection":[{"href":"https:\/\/thermoblend.com.br\/home\/wp-json\/wp\/v2\/posts"}],"about":[{"href":"https:\/\/thermoblend.com.br\/home\/wp-json\/wp\/v2\/types\/post"}],"author":[{"embeddable":true,"href":"https:\/\/thermoblend.com.br\/home\/wp-json\/wp\/v2\/users\/2"}],"replies":[{"embeddable":true,"href":"https:\/\/thermoblend.com.br\/home\/wp-json\/wp\/v2\/comments?post=24205"}],"version-history":[{"count":0,"href":"https:\/\/thermoblend.com.br\/home\/wp-json\/wp\/v2\/posts\/24205\/revisions"}],"wp:featuredmedia":[{"embeddable":true,"href":"https:\/\/thermoblend.com.br\/home\/wp-json\/wp\/v2\/media\/257"}],"wp:attachment":[{"href":"https:\/\/thermoblend.com.br\/home\/wp-json\/wp\/v2\/media?parent=24205"}],"wp:term":[{"taxonomy":"category","embeddable":true,"href":"https:\/\/thermoblend.com.br\/home\/wp-json\/wp\/v2\/categories?post=24205"},{"taxonomy":"post_tag","embeddable":true,"href":"https:\/\/thermoblend.com.br\/home\/wp-json\/wp\/v2\/tags?post=24205"}],"curies":[{"name":"wp","href":"https:\/\/api.w.org\/{rel}","templated":true}]}}