{"id":24237,"date":"2026-05-01T01:01:06","date_gmt":"2026-05-01T04:01:06","guid":{"rendered":"https:\/\/thermoblend.com.br\/home\/compositos-com-reforco-mineral-e-fibra-a-revolucao-da-thermoblend-42\/"},"modified":"2026-05-01T01:01:06","modified_gmt":"2026-05-01T04:01:06","slug":"compositos-com-reforco-mineral-e-fibra-a-revolucao-da-thermoblend-42","status":"publish","type":"post","link":"https:\/\/thermoblend.com.br\/home\/compositos-com-reforco-mineral-e-fibra-a-revolucao-da-thermoblend-42\/","title":{"rendered":"Comp\u00f3sitos com Refor\u00e7o Mineral e Fibra: A Revolu\u00e7\u00e3o da Thermoblend"},"content":{"rendered":"<p>Os comp\u00f3sitos com refor\u00e7o mineral e fibra t\u00eam se tornado a escolha preferida em diversas ind\u00fastrias devido \u00e0s suas impressionantes propriedades mec\u00e2nicas e t\u00e9rmicas. A Thermoblend, com sua expertise em comp\u00f3sitos com refor\u00e7o mineral e fibra, oferece solu\u00e7\u00f5es que elevam o desempenho dos produtos finais. Quando falamos em comp\u00f3sitos com refor\u00e7o mineral e fibra, destacamos sua versatilidade, perfeita para atender demandas espec\u00edficas de segmentos como o automotivo e aeron\u00e1utico.<\/p>\n<p>Uma das principais vantagens dos comp\u00f3sitos com refor\u00e7o mineral e fibra \u00e9 a sua resist\u00eancia. Esses materiais s\u00e3o projetados para suportar condi\u00e7\u00f5es extremas, garantindo durabilidade e seguran\u00e7a. A Thermoblend se destaca na produ\u00e7\u00e3o de comp\u00f3sitos com refor\u00e7o mineral e fibra, utilizando tecnologias avan\u00e7adas que garantem um produto final de qualidade superior. Al\u00e9m disso, a efici\u00eancia nos processos de fabrica\u00e7\u00e3o da Thermoblend assegura uma entrega r\u00e1pida e customiza\u00e7\u00f5es que atendem \u00e0s necessidades espec\u00edficas de cada cliente.<\/p>\n<p>Em aplica\u00e7\u00f5es no setor automotivo, por exemplo, os comp\u00f3sitos com refor\u00e7o mineral e fibra reduzem significativamente o peso dos componentes, resultando em ve\u00edculos mais eficientes e com menor consumo de energia. A Thermoblend, ciente de sua responsabilidade, investe em inova\u00e7\u00e3o constante para que seus comp\u00f3sitos com refor\u00e7o mineral e fibra continue a ser a melhor op\u00e7\u00e3o do mercado. Outro benef\u00edcio crucial \u00e9 a resist\u00eancia t\u00e9rmica, que se torna um requisito essencial em ind\u00fastrias de maquin\u00e1rios e eletroeletr\u00f4nicos.<\/p>\n<p>Al\u00e9m da resist\u00eancia mec\u00e2nica e t\u00e9rmica, os comp\u00f3sitos com refor\u00e7o mineral e fibra da Thermoblend s\u00e3o projetados para serem f\u00e1ceis de processar, o que otimiza a produ\u00e7\u00e3o e reduz desperd\u00edcios. A flexibilidade que esses comp\u00f3sitos oferecem permite a cria\u00e7\u00e3o de pe\u00e7as complexas, algo que muitas ind\u00fastrias precisam. Na Thermoblend, a experi\u00eancia e a especializa\u00e7\u00e3o em comp\u00f3sitos com refor\u00e7o mineral e fibra nos tornam uma autoridade no setor.<\/p>\n<p>A confian\u00e7a que nossos clientes depositam na Thermoblend vem do nosso compromisso com a qualidade e a satisfa\u00e7\u00e3o do cliente. Utilizamos apenas mat\u00e9rias-primas de alta qualidade em nossos comp\u00f3sitos com refor\u00e7o mineral e fibra, resultando em produtos que superam expectativas e oferecem um excelente custo-benef\u00edcio. Nossa equipe especializada est\u00e1 sempre pronta para orientar e oferecer suporte em todas as etapas do desenvolvimento de produtos, garantindo que cada solu\u00e7\u00e3o atenda rigorosamente \u00e0s especifica\u00e7\u00f5es e normas do setor.<\/p>\n<p>Em resumo, ao escolher a Thermoblend, voc\u00ea opta por comp\u00f3sitos com refor\u00e7o mineral e fibra que proporcionam desempenho excepcional, seguran\u00e7a e confiabilidade. Nossa dedica\u00e7\u00e3o e inova\u00e7\u00e3o constante nos permitem afirmar com seguran\u00e7a: somos a melhor do segmento. Com os comp\u00f3sitos com refor\u00e7o mineral e fibra da Thermoblend, voc\u00ea n\u00e3o apenas investe em um produto, mas em um futuro sustent\u00e1vel e eficaz para o seu neg\u00f3cio.<\/p>\n","protected":false},"excerpt":{"rendered":"<p>Os comp\u00f3sitos com refor\u00e7o mineral e fibra t\u00eam se tornado a escolha preferida em diversas ind\u00fastrias devido \u00e0s suas impressionantes propriedades mec\u00e2nicas e t\u00e9rmicas. A Thermoblend, com sua expertise em comp\u00f3sitos com refor\u00e7o mineral e fibra, oferece solu\u00e7\u00f5es que elevam o desempenho dos produtos finais. Quando falamos em comp\u00f3sitos com refor\u00e7o mineral e fibra, destacamos&hellip;&nbsp;<a href=\"https:\/\/thermoblend.com.br\/home\/compositos-com-reforco-mineral-e-fibra-a-revolucao-da-thermoblend-42\/\" class=\"\" rel=\"bookmark\">Continue a ler &raquo;<span class=\"screen-reader-text\">Comp\u00f3sitos com Refor\u00e7o Mineral e Fibra: A Revolu\u00e7\u00e3o da Thermoblend<\/span><\/a><\/p>\n","protected":false},"author":2,"featured_media":257,"comment_status":"","ping_status":"open","sticky":false,"template":"","format":"standard","meta":{"_yoast_wpseo_focuskw":"Comp\u00f3sitos com refor\u00e7o mineral e fibra","_yoast_wpseo_title":"Thermoblend: Comp\u00f3sitos com Refor\u00e7o Mineral e Fibra","_yoast_wpseo_metadesc":"Descubra como os comp\u00f3sitos com refor\u00e7o mineral e fibra da Thermoblend elevam a qualidade e desempenho em diversas ind\u00fastrias.","neve_meta_sidebar":"","neve_meta_container":"","neve_meta_enable_content_width":"","neve_meta_content_width":0,"neve_meta_title_alignment":"","neve_meta_author_avatar":"","neve_post_elements_order":"","neve_meta_disable_header":"","neve_meta_disable_footer":"","neve_meta_disable_title":"","footnotes":""},"categories":[6],"tags":[],"class_list":["post-24237","post","type-post","status-publish","format-standard","has-post-thumbnail","hentry","category-seo-geral"],"yoast_head":"<!-- This site is optimized with the Yoast SEO plugin v23.4 - https:\/\/yoast.com\/wordpress\/plugins\/seo\/ -->\n<title>Thermoblend: Comp\u00f3sitos com Refor\u00e7o Mineral e Fibra<\/title>\n<meta name=\"description\" content=\"Descubra como os comp\u00f3sitos com refor\u00e7o mineral e fibra da Thermoblend elevam a qualidade e desempenho em diversas ind\u00fastrias.\" \/>\n<meta name=\"robots\" content=\"index, follow, max-snippet:-1, max-image-preview:large, max-video-preview:-1\" \/>\n<link rel=\"canonical\" href=\"https:\/\/thermoblend.com.br\/home\/compositos-com-reforco-mineral-e-fibra-a-revolucao-da-thermoblend-42\/\" \/>\n<meta property=\"og:locale\" content=\"pt_BR\" \/>\n<meta property=\"og:type\" content=\"article\" \/>\n<meta property=\"og:title\" content=\"Thermoblend: Comp\u00f3sitos com Refor\u00e7o Mineral e Fibra\" \/>\n<meta property=\"og:description\" content=\"Descubra como os comp\u00f3sitos com refor\u00e7o mineral e fibra da Thermoblend elevam a qualidade e desempenho em diversas ind\u00fastrias.\" \/>\n<meta property=\"og:url\" content=\"https:\/\/thermoblend.com.br\/home\/compositos-com-reforco-mineral-e-fibra-a-revolucao-da-thermoblend-42\/\" \/>\n<meta property=\"og:site_name\" content=\"Thermoblend\" \/>\n<meta property=\"article:published_time\" content=\"2026-05-01T04:01:06+00:00\" \/>\n<meta property=\"og:image\" content=\"https:\/\/thermoblend.com.br\/home\/wp-content\/uploads\/2025\/02\/thermoblend_aero-2-1024x512.png\" \/>\n\t<meta property=\"og:image:width\" content=\"1024\" \/>\n\t<meta property=\"og:image:height\" content=\"512\" \/>\n\t<meta property=\"og:image:type\" content=\"image\/png\" \/>\n<meta name=\"author\" content=\"SEO\" \/>\n<meta name=\"twitter:card\" content=\"summary_large_image\" \/>\n<meta name=\"twitter:label1\" content=\"Escrito por\" \/>\n\t<meta name=\"twitter:data1\" content=\"SEO\" \/>\n\t<meta name=\"twitter:label2\" content=\"Est. tempo de leitura\" \/>\n\t<meta name=\"twitter:data2\" content=\"3 minutos\" \/>\n<script type=\"application\/ld+json\" class=\"yoast-schema-graph\">{\"@context\":\"https:\/\/schema.org\",\"@graph\":[{\"@type\":\"Article\",\"@id\":\"https:\/\/thermoblend.com.br\/home\/compositos-com-reforco-mineral-e-fibra-a-revolucao-da-thermoblend-42\/#article\",\"isPartOf\":{\"@id\":\"https:\/\/thermoblend.com.br\/home\/compositos-com-reforco-mineral-e-fibra-a-revolucao-da-thermoblend-42\/\"},\"author\":{\"name\":\"SEO\",\"@id\":\"https:\/\/thermoblend.com.br\/home\/#\/schema\/person\/954f51992e18d7780ef0e56895a70f77\"},\"headline\":\"Comp\u00f3sitos com Refor\u00e7o Mineral e Fibra: A Revolu\u00e7\u00e3o da Thermoblend\",\"datePublished\":\"2026-05-01T04:01:06+00:00\",\"dateModified\":\"2026-05-01T04:01:06+00:00\",\"mainEntityOfPage\":{\"@id\":\"https:\/\/thermoblend.com.br\/home\/compositos-com-reforco-mineral-e-fibra-a-revolucao-da-thermoblend-42\/\"},\"wordCount\":520,\"publisher\":{\"@id\":\"https:\/\/thermoblend.com.br\/home\/#organization\"},\"image\":{\"@id\":\"https:\/\/thermoblend.com.br\/home\/compositos-com-reforco-mineral-e-fibra-a-revolucao-da-thermoblend-42\/#primaryimage\"},\"thumbnailUrl\":\"https:\/\/thermoblend.com.br\/home\/wp-content\/uploads\/2025\/02\/thermoblend_aero-2.png\",\"articleSection\":[\"SEO - Geral\"],\"inLanguage\":\"pt-BR\"},{\"@type\":\"WebPage\",\"@id\":\"https:\/\/thermoblend.com.br\/home\/compositos-com-reforco-mineral-e-fibra-a-revolucao-da-thermoblend-42\/\",\"url\":\"https:\/\/thermoblend.com.br\/home\/compositos-com-reforco-mineral-e-fibra-a-revolucao-da-thermoblend-42\/\",\"name\":\"Thermoblend: Comp\u00f3sitos com Refor\u00e7o Mineral e Fibra\",\"isPartOf\":{\"@id\":\"https:\/\/thermoblend.com.br\/home\/#website\"},\"primaryImageOfPage\":{\"@id\":\"https:\/\/thermoblend.com.br\/home\/compositos-com-reforco-mineral-e-fibra-a-revolucao-da-thermoblend-42\/#primaryimage\"},\"image\":{\"@id\":\"https:\/\/thermoblend.com.br\/home\/compositos-com-reforco-mineral-e-fibra-a-revolucao-da-thermoblend-42\/#primaryimage\"},\"thumbnailUrl\":\"https:\/\/thermoblend.com.br\/home\/wp-content\/uploads\/2025\/02\/thermoblend_aero-2.png\",\"datePublished\":\"2026-05-01T04:01:06+00:00\",\"dateModified\":\"2026-05-01T04:01:06+00:00\",\"description\":\"Descubra como os comp\u00f3sitos com refor\u00e7o mineral e fibra da Thermoblend elevam a qualidade e desempenho em diversas ind\u00fastrias.\",\"breadcrumb\":{\"@id\":\"https:\/\/thermoblend.com.br\/home\/compositos-com-reforco-mineral-e-fibra-a-revolucao-da-thermoblend-42\/#breadcrumb\"},\"inLanguage\":\"pt-BR\",\"potentialAction\":[{\"@type\":\"ReadAction\",\"target\":[\"https:\/\/thermoblend.com.br\/home\/compositos-com-reforco-mineral-e-fibra-a-revolucao-da-thermoblend-42\/\"]}]},{\"@type\":\"ImageObject\",\"inLanguage\":\"pt-BR\",\"@id\":\"https:\/\/thermoblend.com.br\/home\/compositos-com-reforco-mineral-e-fibra-a-revolucao-da-thermoblend-42\/#primaryimage\",\"url\":\"https:\/\/thermoblend.com.br\/home\/wp-content\/uploads\/2025\/02\/thermoblend_aero-2.png\",\"contentUrl\":\"https:\/\/thermoblend.com.br\/home\/wp-content\/uploads\/2025\/02\/thermoblend_aero-2.png\",\"width\":1536,\"height\":768},{\"@type\":\"BreadcrumbList\",\"@id\":\"https:\/\/thermoblend.com.br\/home\/compositos-com-reforco-mineral-e-fibra-a-revolucao-da-thermoblend-42\/#breadcrumb\",\"itemListElement\":[{\"@type\":\"ListItem\",\"position\":1,\"name\":\"In\u00edcio\",\"item\":\"https:\/\/thermoblend.com.br\/home\/\"},{\"@type\":\"ListItem\",\"position\":2,\"name\":\"Comp\u00f3sitos com Refor\u00e7o Mineral e Fibra: A Revolu\u00e7\u00e3o da Thermoblend\"}]},{\"@type\":\"WebSite\",\"@id\":\"https:\/\/thermoblend.com.br\/home\/#website\",\"url\":\"https:\/\/thermoblend.com.br\/home\/\",\"name\":\"Thermoblend\",\"description\":\"Compostos para o futuro\",\"publisher\":{\"@id\":\"https:\/\/thermoblend.com.br\/home\/#organization\"},\"potentialAction\":[{\"@type\":\"SearchAction\",\"target\":{\"@type\":\"EntryPoint\",\"urlTemplate\":\"https:\/\/thermoblend.com.br\/home\/?s={search_term_string}\"},\"query-input\":{\"@type\":\"PropertyValueSpecification\",\"valueRequired\":true,\"valueName\":\"search_term_string\"}}],\"inLanguage\":\"pt-BR\"},{\"@type\":\"Organization\",\"@id\":\"https:\/\/thermoblend.com.br\/home\/#organization\",\"name\":\"Thermoblend\",\"url\":\"https:\/\/thermoblend.com.br\/home\/\",\"logo\":{\"@type\":\"ImageObject\",\"inLanguage\":\"pt-BR\",\"@id\":\"https:\/\/thermoblend.com.br\/home\/#\/schema\/logo\/image\/\",\"url\":\"https:\/\/thermoblend.com.br\/home\/wp-content\/uploads\/2025\/02\/Z286-Website-Thermoblend5.png\",\"contentUrl\":\"https:\/\/thermoblend.com.br\/home\/wp-content\/uploads\/2025\/02\/Z286-Website-Thermoblend5.png\",\"width\":1920,\"height\":284,\"caption\":\"Thermoblend\"},\"image\":{\"@id\":\"https:\/\/thermoblend.com.br\/home\/#\/schema\/logo\/image\/\"}},{\"@type\":\"Person\",\"@id\":\"https:\/\/thermoblend.com.br\/home\/#\/schema\/person\/954f51992e18d7780ef0e56895a70f77\",\"name\":\"SEO\",\"image\":{\"@type\":\"ImageObject\",\"inLanguage\":\"pt-BR\",\"@id\":\"https:\/\/thermoblend.com.br\/home\/#\/schema\/person\/image\/\",\"url\":\"https:\/\/secure.gravatar.com\/avatar\/be5b30c70f6013b0fddc17b6b746f0aecfd0d05fbd3325b28d071b7a5a40da96?s=96&d=mm&r=g\",\"contentUrl\":\"https:\/\/secure.gravatar.com\/avatar\/be5b30c70f6013b0fddc17b6b746f0aecfd0d05fbd3325b28d071b7a5a40da96?s=96&d=mm&r=g\",\"caption\":\"SEO\"},\"url\":\"https:\/\/thermoblend.com.br\/home\/author\/seo\/\"}]}<\/script>\n<!-- \/ Yoast SEO plugin. -->","yoast_head_json":{"title":"Thermoblend: Comp\u00f3sitos com Refor\u00e7o Mineral e Fibra","description":"Descubra como os comp\u00f3sitos com refor\u00e7o mineral e fibra da Thermoblend elevam a qualidade e desempenho em diversas ind\u00fastrias.","robots":{"index":"index","follow":"follow","max-snippet":"max-snippet:-1","max-image-preview":"max-image-preview:large","max-video-preview":"max-video-preview:-1"},"canonical":"https:\/\/thermoblend.com.br\/home\/compositos-com-reforco-mineral-e-fibra-a-revolucao-da-thermoblend-42\/","og_locale":"pt_BR","og_type":"article","og_title":"Thermoblend: Comp\u00f3sitos com Refor\u00e7o Mineral e Fibra","og_description":"Descubra como os comp\u00f3sitos com refor\u00e7o mineral e fibra da Thermoblend elevam a qualidade e desempenho em diversas ind\u00fastrias.","og_url":"https:\/\/thermoblend.com.br\/home\/compositos-com-reforco-mineral-e-fibra-a-revolucao-da-thermoblend-42\/","og_site_name":"Thermoblend","article_published_time":"2026-05-01T04:01:06+00:00","og_image":[{"width":1024,"height":512,"url":"https:\/\/thermoblend.com.br\/home\/wp-content\/uploads\/2025\/02\/thermoblend_aero-2-1024x512.png","type":"image\/png"}],"author":"SEO","twitter_card":"summary_large_image","twitter_misc":{"Escrito por":"SEO","Est. tempo de leitura":"3 minutos"},"schema":{"@context":"https:\/\/schema.org","@graph":[{"@type":"Article","@id":"https:\/\/thermoblend.com.br\/home\/compositos-com-reforco-mineral-e-fibra-a-revolucao-da-thermoblend-42\/#article","isPartOf":{"@id":"https:\/\/thermoblend.com.br\/home\/compositos-com-reforco-mineral-e-fibra-a-revolucao-da-thermoblend-42\/"},"author":{"name":"SEO","@id":"https:\/\/thermoblend.com.br\/home\/#\/schema\/person\/954f51992e18d7780ef0e56895a70f77"},"headline":"Comp\u00f3sitos com Refor\u00e7o Mineral e Fibra: A Revolu\u00e7\u00e3o da Thermoblend","datePublished":"2026-05-01T04:01:06+00:00","dateModified":"2026-05-01T04:01:06+00:00","mainEntityOfPage":{"@id":"https:\/\/thermoblend.com.br\/home\/compositos-com-reforco-mineral-e-fibra-a-revolucao-da-thermoblend-42\/"},"wordCount":520,"publisher":{"@id":"https:\/\/thermoblend.com.br\/home\/#organization"},"image":{"@id":"https:\/\/thermoblend.com.br\/home\/compositos-com-reforco-mineral-e-fibra-a-revolucao-da-thermoblend-42\/#primaryimage"},"thumbnailUrl":"https:\/\/thermoblend.com.br\/home\/wp-content\/uploads\/2025\/02\/thermoblend_aero-2.png","articleSection":["SEO - Geral"],"inLanguage":"pt-BR"},{"@type":"WebPage","@id":"https:\/\/thermoblend.com.br\/home\/compositos-com-reforco-mineral-e-fibra-a-revolucao-da-thermoblend-42\/","url":"https:\/\/thermoblend.com.br\/home\/compositos-com-reforco-mineral-e-fibra-a-revolucao-da-thermoblend-42\/","name":"Thermoblend: Comp\u00f3sitos com Refor\u00e7o Mineral e Fibra","isPartOf":{"@id":"https:\/\/thermoblend.com.br\/home\/#website"},"primaryImageOfPage":{"@id":"https:\/\/thermoblend.com.br\/home\/compositos-com-reforco-mineral-e-fibra-a-revolucao-da-thermoblend-42\/#primaryimage"},"image":{"@id":"https:\/\/thermoblend.com.br\/home\/compositos-com-reforco-mineral-e-fibra-a-revolucao-da-thermoblend-42\/#primaryimage"},"thumbnailUrl":"https:\/\/thermoblend.com.br\/home\/wp-content\/uploads\/2025\/02\/thermoblend_aero-2.png","datePublished":"2026-05-01T04:01:06+00:00","dateModified":"2026-05-01T04:01:06+00:00","description":"Descubra como os comp\u00f3sitos com refor\u00e7o mineral e fibra da Thermoblend elevam a qualidade e desempenho em diversas ind\u00fastrias.","breadcrumb":{"@id":"https:\/\/thermoblend.com.br\/home\/compositos-com-reforco-mineral-e-fibra-a-revolucao-da-thermoblend-42\/#breadcrumb"},"inLanguage":"pt-BR","potentialAction":[{"@type":"ReadAction","target":["https:\/\/thermoblend.com.br\/home\/compositos-com-reforco-mineral-e-fibra-a-revolucao-da-thermoblend-42\/"]}]},{"@type":"ImageObject","inLanguage":"pt-BR","@id":"https:\/\/thermoblend.com.br\/home\/compositos-com-reforco-mineral-e-fibra-a-revolucao-da-thermoblend-42\/#primaryimage","url":"https:\/\/thermoblend.com.br\/home\/wp-content\/uploads\/2025\/02\/thermoblend_aero-2.png","contentUrl":"https:\/\/thermoblend.com.br\/home\/wp-content\/uploads\/2025\/02\/thermoblend_aero-2.png","width":1536,"height":768},{"@type":"BreadcrumbList","@id":"https:\/\/thermoblend.com.br\/home\/compositos-com-reforco-mineral-e-fibra-a-revolucao-da-thermoblend-42\/#breadcrumb","itemListElement":[{"@type":"ListItem","position":1,"name":"In\u00edcio","item":"https:\/\/thermoblend.com.br\/home\/"},{"@type":"ListItem","position":2,"name":"Comp\u00f3sitos com Refor\u00e7o Mineral e Fibra: A Revolu\u00e7\u00e3o da Thermoblend"}]},{"@type":"WebSite","@id":"https:\/\/thermoblend.com.br\/home\/#website","url":"https:\/\/thermoblend.com.br\/home\/","name":"Thermoblend","description":"Compostos para o futuro","publisher":{"@id":"https:\/\/thermoblend.com.br\/home\/#organization"},"potentialAction":[{"@type":"SearchAction","target":{"@type":"EntryPoint","urlTemplate":"https:\/\/thermoblend.com.br\/home\/?s={search_term_string}"},"query-input":{"@type":"PropertyValueSpecification","valueRequired":true,"valueName":"search_term_string"}}],"inLanguage":"pt-BR"},{"@type":"Organization","@id":"https:\/\/thermoblend.com.br\/home\/#organization","name":"Thermoblend","url":"https:\/\/thermoblend.com.br\/home\/","logo":{"@type":"ImageObject","inLanguage":"pt-BR","@id":"https:\/\/thermoblend.com.br\/home\/#\/schema\/logo\/image\/","url":"https:\/\/thermoblend.com.br\/home\/wp-content\/uploads\/2025\/02\/Z286-Website-Thermoblend5.png","contentUrl":"https:\/\/thermoblend.com.br\/home\/wp-content\/uploads\/2025\/02\/Z286-Website-Thermoblend5.png","width":1920,"height":284,"caption":"Thermoblend"},"image":{"@id":"https:\/\/thermoblend.com.br\/home\/#\/schema\/logo\/image\/"}},{"@type":"Person","@id":"https:\/\/thermoblend.com.br\/home\/#\/schema\/person\/954f51992e18d7780ef0e56895a70f77","name":"SEO","image":{"@type":"ImageObject","inLanguage":"pt-BR","@id":"https:\/\/thermoblend.com.br\/home\/#\/schema\/person\/image\/","url":"https:\/\/secure.gravatar.com\/avatar\/be5b30c70f6013b0fddc17b6b746f0aecfd0d05fbd3325b28d071b7a5a40da96?s=96&d=mm&r=g","contentUrl":"https:\/\/secure.gravatar.com\/avatar\/be5b30c70f6013b0fddc17b6b746f0aecfd0d05fbd3325b28d071b7a5a40da96?s=96&d=mm&r=g","caption":"SEO"},"url":"https:\/\/thermoblend.com.br\/home\/author\/seo\/"}]}},"_links":{"self":[{"href":"https:\/\/thermoblend.com.br\/home\/wp-json\/wp\/v2\/posts\/24237","targetHints":{"allow":["GET"]}}],"collection":[{"href":"https:\/\/thermoblend.com.br\/home\/wp-json\/wp\/v2\/posts"}],"about":[{"href":"https:\/\/thermoblend.com.br\/home\/wp-json\/wp\/v2\/types\/post"}],"author":[{"embeddable":true,"href":"https:\/\/thermoblend.com.br\/home\/wp-json\/wp\/v2\/users\/2"}],"replies":[{"embeddable":true,"href":"https:\/\/thermoblend.com.br\/home\/wp-json\/wp\/v2\/comments?post=24237"}],"version-history":[{"count":0,"href":"https:\/\/thermoblend.com.br\/home\/wp-json\/wp\/v2\/posts\/24237\/revisions"}],"wp:featuredmedia":[{"embeddable":true,"href":"https:\/\/thermoblend.com.br\/home\/wp-json\/wp\/v2\/media\/257"}],"wp:attachment":[{"href":"https:\/\/thermoblend.com.br\/home\/wp-json\/wp\/v2\/media?parent=24237"}],"wp:term":[{"taxonomy":"category","embeddable":true,"href":"https:\/\/thermoblend.com.br\/home\/wp-json\/wp\/v2\/categories?post=24237"},{"taxonomy":"post_tag","embeddable":true,"href":"https:\/\/thermoblend.com.br\/home\/wp-json\/wp\/v2\/tags?post=24237"}],"curies":[{"name":"wp","href":"https:\/\/api.w.org\/{rel}","templated":true}]}}