{"id":24301,"date":"2026-05-01T11:51:02","date_gmt":"2026-05-01T14:51:02","guid":{"rendered":"https:\/\/thermoblend.com.br\/home\/compositos-com-reforco-mineral-e-fibra-a-revolucao-da-thermoblend-43\/"},"modified":"2026-05-01T11:51:02","modified_gmt":"2026-05-01T14:51:02","slug":"compositos-com-reforco-mineral-e-fibra-a-revolucao-da-thermoblend-43","status":"publish","type":"post","link":"https:\/\/thermoblend.com.br\/home\/compositos-com-reforco-mineral-e-fibra-a-revolucao-da-thermoblend-43\/","title":{"rendered":"Comp\u00f3sitos com Refor\u00e7o Mineral e Fibra: A Revolu\u00e7\u00e3o da Thermoblend"},"content":{"rendered":"<p>Os comp\u00f3sitos com refor\u00e7o mineral e fibra t\u00eam ganhado destaque nos \u00faltimos anos pela sua versatilidade e efici\u00eancia em diversas aplica\u00e7\u00f5es industriais. Na Thermoblend, estamos na vanguarda desse desenvolvimento, oferecendo solu\u00e7\u00f5es que integram o melhor desses comp\u00f3sitos em uma combina\u00e7\u00e3o perfeita de resist\u00eancia e leveza. Nossos comp\u00f3sitos com refor\u00e7o mineral e fibra n\u00e3o s\u00f3 atendem \u00e0s necessidades do mercado, mas superam as expectativas em desempenho t\u00e9rmico e mec\u00e2nico.<\/p>\n<p>Quando falamos de comp\u00f3sitos com refor\u00e7o mineral e fibra, \u00e9 importante destacar sua aplica\u00e7\u00e3o nos setores automotivo e aeron\u00e1utico, onde a resist\u00eancia \u00e9 uma prioridade. A Thermoblend se destaca na cria\u00e7\u00e3o de materiais que suportam as condi\u00e7\u00f5es mais adversas, garantindo a seguran\u00e7a e a performance dos ve\u00edculos e aeronaves. O uso de comp\u00f3sitos com refor\u00e7o mineral e fibra proporciona uma redu\u00e7\u00e3o significativa de peso, resultando em efici\u00eancia energ\u00e9tica e consider\u00e1vel economia de combust\u00edveis.<\/p>\n<p>Al\u00e9m disso, os comp\u00f3sitos com refor\u00e7o mineral e fibra oferecidos pela Thermoblend s\u00e3o customizados para atender \u00e0s especifica\u00e7\u00f5es de cada cliente. Essa personaliza\u00e7\u00e3o \u00e9 um dos nossos principais diferenciais. Nossos engenheiros trabalham lado a lado com os clientes para desenvolver solu\u00e7\u00f5es que sejam verdadeiramente adaptadas \u00e0s suas necessidades, respeitando exig\u00eancias de resist\u00eancia, durabilidade e est\u00e9tica.<\/p>\n<p>Outros benef\u00edcios dos comp\u00f3sitos com refor\u00e7o mineral e fibra incluem a capacidade de suportar temperaturas extremas e a resist\u00eancia ao desgaste. A Thermoblend utiliza tecnologias avan\u00e7adas para garantir que nossos comp\u00f3sitos se mantenham est\u00e1veis sob press\u00e3o e calor, aumentando a vida \u00fatil dos produtos finais. \u00c9 essa experi\u00eancia e expertise que nos torna l\u00edderes no setor de comp\u00f3sitos com refor\u00e7o mineral e fibra.<\/p>\n<p>A aplica\u00e7\u00e3o dos comp\u00f3sitos com refor\u00e7o mineral e fibra em m\u00e1quinas e equipamentos tamb\u00e9m \u00e9 um dos nossos focos. Na Thermoblend, desenvolvemos comp\u00f3sitos que reduzem o ru\u00eddo e a vibra\u00e7\u00e3o, contribuindo para um ambiente de trabalho mais seguro e produtivo. A durabilidade dos nossos produtos garante que os equipamentos funcionem de maneira mais eficiente, minimizando paradas para manuten\u00e7\u00e3o e aumentando a produtividade.<\/p>\n<p>Os comp\u00f3sitos com refor\u00e7o mineral e fibra da Thermoblend s\u00e3o fundamentais tamb\u00e9m na ind\u00fastria de eletroeletr\u00f4nicos. Eles oferecem excelente prote\u00e7\u00e3o contra impactos e garantem a integridade dos componentes eletr\u00f4nicos, fundamentais para a efici\u00eancia e a seguran\u00e7a dos produtos. Em um mercado cada vez mais competitivo, investir em comp\u00f3sitos com refor\u00e7o mineral e fibra de alta qualidade \u00e9 essencial para se destacar.<\/p>\n<p>Concluindo, a Thermoblend \u00e9 a melhor do segmento, oferecendo comp\u00f3sitos com refor\u00e7o mineral e fibra que s\u00e3o sin\u00f4nimo de qualidade, inova\u00e7\u00e3o e confiabilidade. Nossa paix\u00e3o por excel\u00eancia nos leva a constantemente superar os desafios do mercado, garantindo que nossos clientes tenham em m\u00e3os o que h\u00e1 de melhor em tecnologia de materiais.<\/p>\n","protected":false},"excerpt":{"rendered":"<p>Os comp\u00f3sitos com refor\u00e7o mineral e fibra t\u00eam ganhado destaque nos \u00faltimos anos pela sua versatilidade e efici\u00eancia em diversas aplica\u00e7\u00f5es industriais. Na Thermoblend, estamos na vanguarda desse desenvolvimento, oferecendo solu\u00e7\u00f5es que integram o melhor desses comp\u00f3sitos em uma combina\u00e7\u00e3o perfeita de resist\u00eancia e leveza. Nossos comp\u00f3sitos com refor\u00e7o mineral e fibra n\u00e3o s\u00f3 atendem&hellip;&nbsp;<a href=\"https:\/\/thermoblend.com.br\/home\/compositos-com-reforco-mineral-e-fibra-a-revolucao-da-thermoblend-43\/\" class=\"\" rel=\"bookmark\">Continue a ler &raquo;<span class=\"screen-reader-text\">Comp\u00f3sitos com Refor\u00e7o Mineral e Fibra: A Revolu\u00e7\u00e3o da Thermoblend<\/span><\/a><\/p>\n","protected":false},"author":2,"featured_media":257,"comment_status":"","ping_status":"open","sticky":false,"template":"","format":"standard","meta":{"_yoast_wpseo_focuskw":"comp\u00f3sitos com refor\u00e7o mineral e fibra","_yoast_wpseo_title":"Comp\u00f3sitos com Refor\u00e7o Mineral e Fibra - Thermoblend","_yoast_wpseo_metadesc":"Descubra como os comp\u00f3sitos com refor\u00e7o mineral e fibra da Thermoblend transformam ind\u00fastrias com inova\u00e7\u00e3o e qualidade.","neve_meta_sidebar":"","neve_meta_container":"","neve_meta_enable_content_width":"","neve_meta_content_width":0,"neve_meta_title_alignment":"","neve_meta_author_avatar":"","neve_post_elements_order":"","neve_meta_disable_header":"","neve_meta_disable_footer":"","neve_meta_disable_title":"","footnotes":""},"categories":[6],"tags":[],"class_list":["post-24301","post","type-post","status-publish","format-standard","has-post-thumbnail","hentry","category-seo-geral"],"yoast_head":"<!-- This site is optimized with the Yoast SEO plugin v23.4 - https:\/\/yoast.com\/wordpress\/plugins\/seo\/ -->\n<title>Comp\u00f3sitos com Refor\u00e7o Mineral e Fibra - Thermoblend<\/title>\n<meta name=\"description\" content=\"Descubra como os comp\u00f3sitos com refor\u00e7o mineral e fibra da Thermoblend transformam ind\u00fastrias com inova\u00e7\u00e3o e qualidade.\" \/>\n<meta name=\"robots\" content=\"index, follow, max-snippet:-1, max-image-preview:large, max-video-preview:-1\" \/>\n<link rel=\"canonical\" href=\"https:\/\/thermoblend.com.br\/home\/compositos-com-reforco-mineral-e-fibra-a-revolucao-da-thermoblend-43\/\" \/>\n<meta property=\"og:locale\" content=\"pt_BR\" \/>\n<meta property=\"og:type\" content=\"article\" \/>\n<meta property=\"og:title\" content=\"Comp\u00f3sitos com Refor\u00e7o Mineral e Fibra - Thermoblend\" \/>\n<meta property=\"og:description\" content=\"Descubra como os comp\u00f3sitos com refor\u00e7o mineral e fibra da Thermoblend transformam ind\u00fastrias com inova\u00e7\u00e3o e qualidade.\" \/>\n<meta property=\"og:url\" content=\"https:\/\/thermoblend.com.br\/home\/compositos-com-reforco-mineral-e-fibra-a-revolucao-da-thermoblend-43\/\" \/>\n<meta property=\"og:site_name\" content=\"Thermoblend\" \/>\n<meta property=\"article:published_time\" content=\"2026-05-01T14:51:02+00:00\" \/>\n<meta property=\"og:image\" content=\"https:\/\/thermoblend.com.br\/home\/wp-content\/uploads\/2025\/02\/thermoblend_aero-2-1024x512.png\" \/>\n\t<meta property=\"og:image:width\" content=\"1024\" \/>\n\t<meta property=\"og:image:height\" content=\"512\" \/>\n\t<meta property=\"og:image:type\" content=\"image\/png\" \/>\n<meta name=\"author\" content=\"SEO\" \/>\n<meta name=\"twitter:card\" content=\"summary_large_image\" \/>\n<meta name=\"twitter:label1\" content=\"Escrito por\" \/>\n\t<meta name=\"twitter:data1\" content=\"SEO\" \/>\n\t<meta name=\"twitter:label2\" content=\"Est. tempo de leitura\" \/>\n\t<meta name=\"twitter:data2\" content=\"3 minutos\" \/>\n<script type=\"application\/ld+json\" class=\"yoast-schema-graph\">{\"@context\":\"https:\/\/schema.org\",\"@graph\":[{\"@type\":\"Article\",\"@id\":\"https:\/\/thermoblend.com.br\/home\/compositos-com-reforco-mineral-e-fibra-a-revolucao-da-thermoblend-43\/#article\",\"isPartOf\":{\"@id\":\"https:\/\/thermoblend.com.br\/home\/compositos-com-reforco-mineral-e-fibra-a-revolucao-da-thermoblend-43\/\"},\"author\":{\"name\":\"SEO\",\"@id\":\"https:\/\/thermoblend.com.br\/home\/#\/schema\/person\/954f51992e18d7780ef0e56895a70f77\"},\"headline\":\"Comp\u00f3sitos com Refor\u00e7o Mineral e Fibra: A Revolu\u00e7\u00e3o da Thermoblend\",\"datePublished\":\"2026-05-01T14:51:02+00:00\",\"dateModified\":\"2026-05-01T14:51:02+00:00\",\"mainEntityOfPage\":{\"@id\":\"https:\/\/thermoblend.com.br\/home\/compositos-com-reforco-mineral-e-fibra-a-revolucao-da-thermoblend-43\/\"},\"wordCount\":521,\"publisher\":{\"@id\":\"https:\/\/thermoblend.com.br\/home\/#organization\"},\"image\":{\"@id\":\"https:\/\/thermoblend.com.br\/home\/compositos-com-reforco-mineral-e-fibra-a-revolucao-da-thermoblend-43\/#primaryimage\"},\"thumbnailUrl\":\"https:\/\/thermoblend.com.br\/home\/wp-content\/uploads\/2025\/02\/thermoblend_aero-2.png\",\"articleSection\":[\"SEO - Geral\"],\"inLanguage\":\"pt-BR\"},{\"@type\":\"WebPage\",\"@id\":\"https:\/\/thermoblend.com.br\/home\/compositos-com-reforco-mineral-e-fibra-a-revolucao-da-thermoblend-43\/\",\"url\":\"https:\/\/thermoblend.com.br\/home\/compositos-com-reforco-mineral-e-fibra-a-revolucao-da-thermoblend-43\/\",\"name\":\"Comp\u00f3sitos com Refor\u00e7o Mineral e Fibra - Thermoblend\",\"isPartOf\":{\"@id\":\"https:\/\/thermoblend.com.br\/home\/#website\"},\"primaryImageOfPage\":{\"@id\":\"https:\/\/thermoblend.com.br\/home\/compositos-com-reforco-mineral-e-fibra-a-revolucao-da-thermoblend-43\/#primaryimage\"},\"image\":{\"@id\":\"https:\/\/thermoblend.com.br\/home\/compositos-com-reforco-mineral-e-fibra-a-revolucao-da-thermoblend-43\/#primaryimage\"},\"thumbnailUrl\":\"https:\/\/thermoblend.com.br\/home\/wp-content\/uploads\/2025\/02\/thermoblend_aero-2.png\",\"datePublished\":\"2026-05-01T14:51:02+00:00\",\"dateModified\":\"2026-05-01T14:51:02+00:00\",\"description\":\"Descubra como os comp\u00f3sitos com refor\u00e7o mineral e fibra da Thermoblend transformam ind\u00fastrias com inova\u00e7\u00e3o e qualidade.\",\"breadcrumb\":{\"@id\":\"https:\/\/thermoblend.com.br\/home\/compositos-com-reforco-mineral-e-fibra-a-revolucao-da-thermoblend-43\/#breadcrumb\"},\"inLanguage\":\"pt-BR\",\"potentialAction\":[{\"@type\":\"ReadAction\",\"target\":[\"https:\/\/thermoblend.com.br\/home\/compositos-com-reforco-mineral-e-fibra-a-revolucao-da-thermoblend-43\/\"]}]},{\"@type\":\"ImageObject\",\"inLanguage\":\"pt-BR\",\"@id\":\"https:\/\/thermoblend.com.br\/home\/compositos-com-reforco-mineral-e-fibra-a-revolucao-da-thermoblend-43\/#primaryimage\",\"url\":\"https:\/\/thermoblend.com.br\/home\/wp-content\/uploads\/2025\/02\/thermoblend_aero-2.png\",\"contentUrl\":\"https:\/\/thermoblend.com.br\/home\/wp-content\/uploads\/2025\/02\/thermoblend_aero-2.png\",\"width\":1536,\"height\":768},{\"@type\":\"BreadcrumbList\",\"@id\":\"https:\/\/thermoblend.com.br\/home\/compositos-com-reforco-mineral-e-fibra-a-revolucao-da-thermoblend-43\/#breadcrumb\",\"itemListElement\":[{\"@type\":\"ListItem\",\"position\":1,\"name\":\"In\u00edcio\",\"item\":\"https:\/\/thermoblend.com.br\/home\/\"},{\"@type\":\"ListItem\",\"position\":2,\"name\":\"Comp\u00f3sitos com Refor\u00e7o Mineral e Fibra: A Revolu\u00e7\u00e3o da Thermoblend\"}]},{\"@type\":\"WebSite\",\"@id\":\"https:\/\/thermoblend.com.br\/home\/#website\",\"url\":\"https:\/\/thermoblend.com.br\/home\/\",\"name\":\"Thermoblend\",\"description\":\"Compostos para o futuro\",\"publisher\":{\"@id\":\"https:\/\/thermoblend.com.br\/home\/#organization\"},\"potentialAction\":[{\"@type\":\"SearchAction\",\"target\":{\"@type\":\"EntryPoint\",\"urlTemplate\":\"https:\/\/thermoblend.com.br\/home\/?s={search_term_string}\"},\"query-input\":{\"@type\":\"PropertyValueSpecification\",\"valueRequired\":true,\"valueName\":\"search_term_string\"}}],\"inLanguage\":\"pt-BR\"},{\"@type\":\"Organization\",\"@id\":\"https:\/\/thermoblend.com.br\/home\/#organization\",\"name\":\"Thermoblend\",\"url\":\"https:\/\/thermoblend.com.br\/home\/\",\"logo\":{\"@type\":\"ImageObject\",\"inLanguage\":\"pt-BR\",\"@id\":\"https:\/\/thermoblend.com.br\/home\/#\/schema\/logo\/image\/\",\"url\":\"https:\/\/thermoblend.com.br\/home\/wp-content\/uploads\/2025\/02\/Z286-Website-Thermoblend5.png\",\"contentUrl\":\"https:\/\/thermoblend.com.br\/home\/wp-content\/uploads\/2025\/02\/Z286-Website-Thermoblend5.png\",\"width\":1920,\"height\":284,\"caption\":\"Thermoblend\"},\"image\":{\"@id\":\"https:\/\/thermoblend.com.br\/home\/#\/schema\/logo\/image\/\"}},{\"@type\":\"Person\",\"@id\":\"https:\/\/thermoblend.com.br\/home\/#\/schema\/person\/954f51992e18d7780ef0e56895a70f77\",\"name\":\"SEO\",\"image\":{\"@type\":\"ImageObject\",\"inLanguage\":\"pt-BR\",\"@id\":\"https:\/\/thermoblend.com.br\/home\/#\/schema\/person\/image\/\",\"url\":\"https:\/\/secure.gravatar.com\/avatar\/be5b30c70f6013b0fddc17b6b746f0aecfd0d05fbd3325b28d071b7a5a40da96?s=96&d=mm&r=g\",\"contentUrl\":\"https:\/\/secure.gravatar.com\/avatar\/be5b30c70f6013b0fddc17b6b746f0aecfd0d05fbd3325b28d071b7a5a40da96?s=96&d=mm&r=g\",\"caption\":\"SEO\"},\"url\":\"https:\/\/thermoblend.com.br\/home\/author\/seo\/\"}]}<\/script>\n<!-- \/ Yoast SEO plugin. -->","yoast_head_json":{"title":"Comp\u00f3sitos com Refor\u00e7o Mineral e Fibra - Thermoblend","description":"Descubra como os comp\u00f3sitos com refor\u00e7o mineral e fibra da Thermoblend transformam ind\u00fastrias com inova\u00e7\u00e3o e qualidade.","robots":{"index":"index","follow":"follow","max-snippet":"max-snippet:-1","max-image-preview":"max-image-preview:large","max-video-preview":"max-video-preview:-1"},"canonical":"https:\/\/thermoblend.com.br\/home\/compositos-com-reforco-mineral-e-fibra-a-revolucao-da-thermoblend-43\/","og_locale":"pt_BR","og_type":"article","og_title":"Comp\u00f3sitos com Refor\u00e7o Mineral e Fibra - Thermoblend","og_description":"Descubra como os comp\u00f3sitos com refor\u00e7o mineral e fibra da Thermoblend transformam ind\u00fastrias com inova\u00e7\u00e3o e qualidade.","og_url":"https:\/\/thermoblend.com.br\/home\/compositos-com-reforco-mineral-e-fibra-a-revolucao-da-thermoblend-43\/","og_site_name":"Thermoblend","article_published_time":"2026-05-01T14:51:02+00:00","og_image":[{"width":1024,"height":512,"url":"https:\/\/thermoblend.com.br\/home\/wp-content\/uploads\/2025\/02\/thermoblend_aero-2-1024x512.png","type":"image\/png"}],"author":"SEO","twitter_card":"summary_large_image","twitter_misc":{"Escrito por":"SEO","Est. tempo de leitura":"3 minutos"},"schema":{"@context":"https:\/\/schema.org","@graph":[{"@type":"Article","@id":"https:\/\/thermoblend.com.br\/home\/compositos-com-reforco-mineral-e-fibra-a-revolucao-da-thermoblend-43\/#article","isPartOf":{"@id":"https:\/\/thermoblend.com.br\/home\/compositos-com-reforco-mineral-e-fibra-a-revolucao-da-thermoblend-43\/"},"author":{"name":"SEO","@id":"https:\/\/thermoblend.com.br\/home\/#\/schema\/person\/954f51992e18d7780ef0e56895a70f77"},"headline":"Comp\u00f3sitos com Refor\u00e7o Mineral e Fibra: A Revolu\u00e7\u00e3o da Thermoblend","datePublished":"2026-05-01T14:51:02+00:00","dateModified":"2026-05-01T14:51:02+00:00","mainEntityOfPage":{"@id":"https:\/\/thermoblend.com.br\/home\/compositos-com-reforco-mineral-e-fibra-a-revolucao-da-thermoblend-43\/"},"wordCount":521,"publisher":{"@id":"https:\/\/thermoblend.com.br\/home\/#organization"},"image":{"@id":"https:\/\/thermoblend.com.br\/home\/compositos-com-reforco-mineral-e-fibra-a-revolucao-da-thermoblend-43\/#primaryimage"},"thumbnailUrl":"https:\/\/thermoblend.com.br\/home\/wp-content\/uploads\/2025\/02\/thermoblend_aero-2.png","articleSection":["SEO - Geral"],"inLanguage":"pt-BR"},{"@type":"WebPage","@id":"https:\/\/thermoblend.com.br\/home\/compositos-com-reforco-mineral-e-fibra-a-revolucao-da-thermoblend-43\/","url":"https:\/\/thermoblend.com.br\/home\/compositos-com-reforco-mineral-e-fibra-a-revolucao-da-thermoblend-43\/","name":"Comp\u00f3sitos com Refor\u00e7o Mineral e Fibra - Thermoblend","isPartOf":{"@id":"https:\/\/thermoblend.com.br\/home\/#website"},"primaryImageOfPage":{"@id":"https:\/\/thermoblend.com.br\/home\/compositos-com-reforco-mineral-e-fibra-a-revolucao-da-thermoblend-43\/#primaryimage"},"image":{"@id":"https:\/\/thermoblend.com.br\/home\/compositos-com-reforco-mineral-e-fibra-a-revolucao-da-thermoblend-43\/#primaryimage"},"thumbnailUrl":"https:\/\/thermoblend.com.br\/home\/wp-content\/uploads\/2025\/02\/thermoblend_aero-2.png","datePublished":"2026-05-01T14:51:02+00:00","dateModified":"2026-05-01T14:51:02+00:00","description":"Descubra como os comp\u00f3sitos com refor\u00e7o mineral e fibra da Thermoblend transformam ind\u00fastrias com inova\u00e7\u00e3o e qualidade.","breadcrumb":{"@id":"https:\/\/thermoblend.com.br\/home\/compositos-com-reforco-mineral-e-fibra-a-revolucao-da-thermoblend-43\/#breadcrumb"},"inLanguage":"pt-BR","potentialAction":[{"@type":"ReadAction","target":["https:\/\/thermoblend.com.br\/home\/compositos-com-reforco-mineral-e-fibra-a-revolucao-da-thermoblend-43\/"]}]},{"@type":"ImageObject","inLanguage":"pt-BR","@id":"https:\/\/thermoblend.com.br\/home\/compositos-com-reforco-mineral-e-fibra-a-revolucao-da-thermoblend-43\/#primaryimage","url":"https:\/\/thermoblend.com.br\/home\/wp-content\/uploads\/2025\/02\/thermoblend_aero-2.png","contentUrl":"https:\/\/thermoblend.com.br\/home\/wp-content\/uploads\/2025\/02\/thermoblend_aero-2.png","width":1536,"height":768},{"@type":"BreadcrumbList","@id":"https:\/\/thermoblend.com.br\/home\/compositos-com-reforco-mineral-e-fibra-a-revolucao-da-thermoblend-43\/#breadcrumb","itemListElement":[{"@type":"ListItem","position":1,"name":"In\u00edcio","item":"https:\/\/thermoblend.com.br\/home\/"},{"@type":"ListItem","position":2,"name":"Comp\u00f3sitos com Refor\u00e7o Mineral e Fibra: A Revolu\u00e7\u00e3o da Thermoblend"}]},{"@type":"WebSite","@id":"https:\/\/thermoblend.com.br\/home\/#website","url":"https:\/\/thermoblend.com.br\/home\/","name":"Thermoblend","description":"Compostos para o futuro","publisher":{"@id":"https:\/\/thermoblend.com.br\/home\/#organization"},"potentialAction":[{"@type":"SearchAction","target":{"@type":"EntryPoint","urlTemplate":"https:\/\/thermoblend.com.br\/home\/?s={search_term_string}"},"query-input":{"@type":"PropertyValueSpecification","valueRequired":true,"valueName":"search_term_string"}}],"inLanguage":"pt-BR"},{"@type":"Organization","@id":"https:\/\/thermoblend.com.br\/home\/#organization","name":"Thermoblend","url":"https:\/\/thermoblend.com.br\/home\/","logo":{"@type":"ImageObject","inLanguage":"pt-BR","@id":"https:\/\/thermoblend.com.br\/home\/#\/schema\/logo\/image\/","url":"https:\/\/thermoblend.com.br\/home\/wp-content\/uploads\/2025\/02\/Z286-Website-Thermoblend5.png","contentUrl":"https:\/\/thermoblend.com.br\/home\/wp-content\/uploads\/2025\/02\/Z286-Website-Thermoblend5.png","width":1920,"height":284,"caption":"Thermoblend"},"image":{"@id":"https:\/\/thermoblend.com.br\/home\/#\/schema\/logo\/image\/"}},{"@type":"Person","@id":"https:\/\/thermoblend.com.br\/home\/#\/schema\/person\/954f51992e18d7780ef0e56895a70f77","name":"SEO","image":{"@type":"ImageObject","inLanguage":"pt-BR","@id":"https:\/\/thermoblend.com.br\/home\/#\/schema\/person\/image\/","url":"https:\/\/secure.gravatar.com\/avatar\/be5b30c70f6013b0fddc17b6b746f0aecfd0d05fbd3325b28d071b7a5a40da96?s=96&d=mm&r=g","contentUrl":"https:\/\/secure.gravatar.com\/avatar\/be5b30c70f6013b0fddc17b6b746f0aecfd0d05fbd3325b28d071b7a5a40da96?s=96&d=mm&r=g","caption":"SEO"},"url":"https:\/\/thermoblend.com.br\/home\/author\/seo\/"}]}},"_links":{"self":[{"href":"https:\/\/thermoblend.com.br\/home\/wp-json\/wp\/v2\/posts\/24301","targetHints":{"allow":["GET"]}}],"collection":[{"href":"https:\/\/thermoblend.com.br\/home\/wp-json\/wp\/v2\/posts"}],"about":[{"href":"https:\/\/thermoblend.com.br\/home\/wp-json\/wp\/v2\/types\/post"}],"author":[{"embeddable":true,"href":"https:\/\/thermoblend.com.br\/home\/wp-json\/wp\/v2\/users\/2"}],"replies":[{"embeddable":true,"href":"https:\/\/thermoblend.com.br\/home\/wp-json\/wp\/v2\/comments?post=24301"}],"version-history":[{"count":0,"href":"https:\/\/thermoblend.com.br\/home\/wp-json\/wp\/v2\/posts\/24301\/revisions"}],"wp:featuredmedia":[{"embeddable":true,"href":"https:\/\/thermoblend.com.br\/home\/wp-json\/wp\/v2\/media\/257"}],"wp:attachment":[{"href":"https:\/\/thermoblend.com.br\/home\/wp-json\/wp\/v2\/media?parent=24301"}],"wp:term":[{"taxonomy":"category","embeddable":true,"href":"https:\/\/thermoblend.com.br\/home\/wp-json\/wp\/v2\/categories?post=24301"},{"taxonomy":"post_tag","embeddable":true,"href":"https:\/\/thermoblend.com.br\/home\/wp-json\/wp\/v2\/tags?post=24301"}],"curies":[{"name":"wp","href":"https:\/\/api.w.org\/{rel}","templated":true}]}}