{"id":24335,"date":"2026-05-01T17:31:02","date_gmt":"2026-05-01T20:31:02","guid":{"rendered":"https:\/\/thermoblend.com.br\/home\/reforco-com-fibra-de-vidro-a-solucao-inovadora-da-thermoblend-8\/"},"modified":"2026-05-01T17:31:02","modified_gmt":"2026-05-01T20:31:02","slug":"reforco-com-fibra-de-vidro-a-solucao-inovadora-da-thermoblend-8","status":"publish","type":"post","link":"https:\/\/thermoblend.com.br\/home\/reforco-com-fibra-de-vidro-a-solucao-inovadora-da-thermoblend-8\/","title":{"rendered":"Refor\u00e7o com fibra de vidro: a Solu\u00e7\u00e3o Inovadora da Thermoblend"},"content":{"rendered":"<p>O refor\u00e7o com fibra de vidro \u00e9 uma t\u00e9cnica que proporciona resist\u00eancia e durabilidade excepcionais a diversos materiais. Essa abordagem inovadora \u00e9 vital em segmentos como automotivo e aeron\u00e1utico, onde a seguran\u00e7a e a efici\u00eancia s\u00e3o cruciais. A Thermoblend se destaca no mercado devido \u00e0 sua expertise em produzir compostos termopl\u00e1sticos que incorporam refor\u00e7o com fibra de vidro, resultando em produtos que conquistam a confian\u00e7a dos clientes. <\/p>\n<p>Ao optar pelo refor\u00e7o com fibra de vidro, as empresas encontram uma solu\u00e7\u00e3o que n\u00e3o apenas melhora a resist\u00eancia mec\u00e2nica, mas tamb\u00e9m agrega valor est\u00e9tico aos produtos. Os compostos da Thermoblend s\u00e3o personalizados para atender diferentes necessidades, garantindo que cada cliente receba o melhor do refor\u00e7o com fibra de vidro. Isso se traduz em aplica\u00e7\u00f5es que variam de componentes automotivos a pe\u00e7as em eletroeletr\u00f4nicos, onde a leveza e a robustez s\u00e3o essenciais.<\/p>\n<p>Outro grande benef\u00edcio do refor\u00e7o com fibra de vidro \u00e9 a efici\u00eancia t\u00e9rmica. Os materiais da Thermoblend, ao serem moldados com fibra de vidro, oferecem uma resist\u00eancia superior ao calor, o que \u00e9 especialmente importante em setores como a aeron\u00e1utica e a fabrica\u00e7\u00e3o de m\u00e1quinas. A confiabilidade dos produtos da Thermoblend, com refor\u00e7o com fibra de vidro, \u00e9 um dos principais fatores que tornam a empresa uma l\u00edder do setor. <\/p>\n<p>A combina\u00e7\u00e3o de polipropileno (PP) e poliamidas (PA 6 e PA 6.6) com refor\u00e7o com fibra de vidro resulta em materiais que atendem \u00e0s normas mais exigentes do mercado. Com uma produ\u00e7\u00e3o voltada ao desenvolvimento sustent\u00e1vel, a Thermoblend \u00e9 sin\u00f4nimo de confiabilidade ao investir em refor\u00e7o com fibra de vidro e outros compostos termopl\u00e1sticos. A experi\u00eancia e o know-how da Thermoblend permitem entregar solu\u00e7\u00f5es que garantem a satisfa\u00e7\u00e3o do cliente e a durabilidade dos produtos.<\/p>\n<p>Al\u00e9m disso, o refor\u00e7o com fibra de vidro possibilita a cria\u00e7\u00e3o de produtos mais leves, o que se traduz em economia de combust\u00edvel em aplica\u00e7\u00f5es automotivas e maior efici\u00eancia energ\u00e9tica em eletroeletr\u00f4nicos. A Thermoblend compreende que cada detalhe conta, e por isso oferece a melhor customiza\u00e7\u00e3o no refor\u00e7o com fibra de vidro. <\/p>\n<p>Seja para um novo projeto ou para atualizar um produto existente, a Thermoblend se destaca como a parceira ideal gra\u00e7as \u00e0 sua preocupa\u00e7\u00e3o constante em oferecer o que h\u00e1 de melhor em refor\u00e7o com fibra de vidro. Os nossos clientes valorizam a experi\u00eancia e a confian\u00e7a que a marca passa ao fornecer solu\u00e7\u00f5es inovadoras e eficazes. <\/p>\n<p>Ao buscar qualidade e excel\u00eancia em refor\u00e7o com fibra de vidro, escolher a Thermoblend \u00e9 optar por um futuro mais forte e resistente, onde as possibilidades s\u00e3o infinitas. Confiabilidade, qualidade e inova\u00e7\u00e3o tornam a Thermoblend a melhor escolha no mercado, sendo a refer\u00eancia em refor\u00e7o com fibra de vidro e compostos termopl\u00e1sticos. Investir em nossa tecnologia \u00e9 investir no sucesso do seu produto.<\/p>\n","protected":false},"excerpt":{"rendered":"<p>O refor\u00e7o com fibra de vidro \u00e9 uma t\u00e9cnica que proporciona resist\u00eancia e durabilidade excepcionais a diversos materiais. Essa abordagem inovadora \u00e9 vital em segmentos como automotivo e aeron\u00e1utico, onde a seguran\u00e7a e a efici\u00eancia s\u00e3o cruciais. A Thermoblend se destaca no mercado devido \u00e0 sua expertise em produzir compostos termopl\u00e1sticos que incorporam refor\u00e7o com&hellip;&nbsp;<a href=\"https:\/\/thermoblend.com.br\/home\/reforco-com-fibra-de-vidro-a-solucao-inovadora-da-thermoblend-8\/\" class=\"\" rel=\"bookmark\">Continue a ler &raquo;<span class=\"screen-reader-text\">Refor\u00e7o com fibra de vidro: a Solu\u00e7\u00e3o Inovadora da Thermoblend<\/span><\/a><\/p>\n","protected":false},"author":2,"featured_media":257,"comment_status":"","ping_status":"open","sticky":false,"template":"","format":"standard","meta":{"_yoast_wpseo_focuskw":"Refor\u00e7o com fibra de vidro","_yoast_wpseo_title":"Thermoblend: Refor\u00e7o com Fibra de Vidro Inovador","_yoast_wpseo_metadesc":"Descubra como o refor\u00e7o com fibra de vidro da Thermoblend pode beneficiar seus projetos com qualidade e inova\u00e7\u00e3o.","neve_meta_sidebar":"","neve_meta_container":"","neve_meta_enable_content_width":"","neve_meta_content_width":0,"neve_meta_title_alignment":"","neve_meta_author_avatar":"","neve_post_elements_order":"","neve_meta_disable_header":"","neve_meta_disable_footer":"","neve_meta_disable_title":"","footnotes":""},"categories":[6],"tags":[],"class_list":["post-24335","post","type-post","status-publish","format-standard","has-post-thumbnail","hentry","category-seo-geral"],"yoast_head":"<!-- This site is optimized with the Yoast SEO plugin v23.4 - https:\/\/yoast.com\/wordpress\/plugins\/seo\/ -->\n<title>Thermoblend: Refor\u00e7o com Fibra de Vidro Inovador<\/title>\n<meta name=\"description\" content=\"Descubra como o refor\u00e7o com fibra de vidro da Thermoblend pode beneficiar seus projetos com qualidade e inova\u00e7\u00e3o.\" \/>\n<meta name=\"robots\" content=\"index, follow, max-snippet:-1, max-image-preview:large, max-video-preview:-1\" \/>\n<link rel=\"canonical\" href=\"https:\/\/thermoblend.com.br\/home\/reforco-com-fibra-de-vidro-a-solucao-inovadora-da-thermoblend-8\/\" \/>\n<meta property=\"og:locale\" content=\"pt_BR\" \/>\n<meta property=\"og:type\" content=\"article\" \/>\n<meta property=\"og:title\" content=\"Thermoblend: Refor\u00e7o com Fibra de Vidro Inovador\" \/>\n<meta property=\"og:description\" content=\"Descubra como o refor\u00e7o com fibra de vidro da Thermoblend pode beneficiar seus projetos com qualidade e inova\u00e7\u00e3o.\" \/>\n<meta property=\"og:url\" content=\"https:\/\/thermoblend.com.br\/home\/reforco-com-fibra-de-vidro-a-solucao-inovadora-da-thermoblend-8\/\" \/>\n<meta property=\"og:site_name\" content=\"Thermoblend\" \/>\n<meta property=\"article:published_time\" content=\"2026-05-01T20:31:02+00:00\" \/>\n<meta property=\"og:image\" content=\"https:\/\/thermoblend.com.br\/home\/wp-content\/uploads\/2025\/02\/thermoblend_aero-2-1024x512.png\" \/>\n\t<meta property=\"og:image:width\" content=\"1024\" \/>\n\t<meta property=\"og:image:height\" content=\"512\" \/>\n\t<meta property=\"og:image:type\" content=\"image\/png\" \/>\n<meta name=\"author\" content=\"SEO\" \/>\n<meta name=\"twitter:card\" content=\"summary_large_image\" \/>\n<meta name=\"twitter:label1\" content=\"Escrito por\" \/>\n\t<meta name=\"twitter:data1\" content=\"SEO\" \/>\n\t<meta name=\"twitter:label2\" content=\"Est. tempo de leitura\" \/>\n\t<meta name=\"twitter:data2\" content=\"3 minutos\" \/>\n<script type=\"application\/ld+json\" class=\"yoast-schema-graph\">{\"@context\":\"https:\/\/schema.org\",\"@graph\":[{\"@type\":\"Article\",\"@id\":\"https:\/\/thermoblend.com.br\/home\/reforco-com-fibra-de-vidro-a-solucao-inovadora-da-thermoblend-8\/#article\",\"isPartOf\":{\"@id\":\"https:\/\/thermoblend.com.br\/home\/reforco-com-fibra-de-vidro-a-solucao-inovadora-da-thermoblend-8\/\"},\"author\":{\"name\":\"SEO\",\"@id\":\"https:\/\/thermoblend.com.br\/home\/#\/schema\/person\/954f51992e18d7780ef0e56895a70f77\"},\"headline\":\"Refor\u00e7o com fibra de vidro: a Solu\u00e7\u00e3o Inovadora da Thermoblend\",\"datePublished\":\"2026-05-01T20:31:02+00:00\",\"dateModified\":\"2026-05-01T20:31:02+00:00\",\"mainEntityOfPage\":{\"@id\":\"https:\/\/thermoblend.com.br\/home\/reforco-com-fibra-de-vidro-a-solucao-inovadora-da-thermoblend-8\/\"},\"wordCount\":521,\"publisher\":{\"@id\":\"https:\/\/thermoblend.com.br\/home\/#organization\"},\"image\":{\"@id\":\"https:\/\/thermoblend.com.br\/home\/reforco-com-fibra-de-vidro-a-solucao-inovadora-da-thermoblend-8\/#primaryimage\"},\"thumbnailUrl\":\"https:\/\/thermoblend.com.br\/home\/wp-content\/uploads\/2025\/02\/thermoblend_aero-2.png\",\"articleSection\":[\"SEO - Geral\"],\"inLanguage\":\"pt-BR\"},{\"@type\":\"WebPage\",\"@id\":\"https:\/\/thermoblend.com.br\/home\/reforco-com-fibra-de-vidro-a-solucao-inovadora-da-thermoblend-8\/\",\"url\":\"https:\/\/thermoblend.com.br\/home\/reforco-com-fibra-de-vidro-a-solucao-inovadora-da-thermoblend-8\/\",\"name\":\"Thermoblend: Refor\u00e7o com Fibra de Vidro Inovador\",\"isPartOf\":{\"@id\":\"https:\/\/thermoblend.com.br\/home\/#website\"},\"primaryImageOfPage\":{\"@id\":\"https:\/\/thermoblend.com.br\/home\/reforco-com-fibra-de-vidro-a-solucao-inovadora-da-thermoblend-8\/#primaryimage\"},\"image\":{\"@id\":\"https:\/\/thermoblend.com.br\/home\/reforco-com-fibra-de-vidro-a-solucao-inovadora-da-thermoblend-8\/#primaryimage\"},\"thumbnailUrl\":\"https:\/\/thermoblend.com.br\/home\/wp-content\/uploads\/2025\/02\/thermoblend_aero-2.png\",\"datePublished\":\"2026-05-01T20:31:02+00:00\",\"dateModified\":\"2026-05-01T20:31:02+00:00\",\"description\":\"Descubra como o refor\u00e7o com fibra de vidro da Thermoblend pode beneficiar seus projetos com qualidade e inova\u00e7\u00e3o.\",\"breadcrumb\":{\"@id\":\"https:\/\/thermoblend.com.br\/home\/reforco-com-fibra-de-vidro-a-solucao-inovadora-da-thermoblend-8\/#breadcrumb\"},\"inLanguage\":\"pt-BR\",\"potentialAction\":[{\"@type\":\"ReadAction\",\"target\":[\"https:\/\/thermoblend.com.br\/home\/reforco-com-fibra-de-vidro-a-solucao-inovadora-da-thermoblend-8\/\"]}]},{\"@type\":\"ImageObject\",\"inLanguage\":\"pt-BR\",\"@id\":\"https:\/\/thermoblend.com.br\/home\/reforco-com-fibra-de-vidro-a-solucao-inovadora-da-thermoblend-8\/#primaryimage\",\"url\":\"https:\/\/thermoblend.com.br\/home\/wp-content\/uploads\/2025\/02\/thermoblend_aero-2.png\",\"contentUrl\":\"https:\/\/thermoblend.com.br\/home\/wp-content\/uploads\/2025\/02\/thermoblend_aero-2.png\",\"width\":1536,\"height\":768},{\"@type\":\"BreadcrumbList\",\"@id\":\"https:\/\/thermoblend.com.br\/home\/reforco-com-fibra-de-vidro-a-solucao-inovadora-da-thermoblend-8\/#breadcrumb\",\"itemListElement\":[{\"@type\":\"ListItem\",\"position\":1,\"name\":\"In\u00edcio\",\"item\":\"https:\/\/thermoblend.com.br\/home\/\"},{\"@type\":\"ListItem\",\"position\":2,\"name\":\"Refor\u00e7o com fibra de vidro: a Solu\u00e7\u00e3o Inovadora da Thermoblend\"}]},{\"@type\":\"WebSite\",\"@id\":\"https:\/\/thermoblend.com.br\/home\/#website\",\"url\":\"https:\/\/thermoblend.com.br\/home\/\",\"name\":\"Thermoblend\",\"description\":\"Compostos para o futuro\",\"publisher\":{\"@id\":\"https:\/\/thermoblend.com.br\/home\/#organization\"},\"potentialAction\":[{\"@type\":\"SearchAction\",\"target\":{\"@type\":\"EntryPoint\",\"urlTemplate\":\"https:\/\/thermoblend.com.br\/home\/?s={search_term_string}\"},\"query-input\":{\"@type\":\"PropertyValueSpecification\",\"valueRequired\":true,\"valueName\":\"search_term_string\"}}],\"inLanguage\":\"pt-BR\"},{\"@type\":\"Organization\",\"@id\":\"https:\/\/thermoblend.com.br\/home\/#organization\",\"name\":\"Thermoblend\",\"url\":\"https:\/\/thermoblend.com.br\/home\/\",\"logo\":{\"@type\":\"ImageObject\",\"inLanguage\":\"pt-BR\",\"@id\":\"https:\/\/thermoblend.com.br\/home\/#\/schema\/logo\/image\/\",\"url\":\"https:\/\/thermoblend.com.br\/home\/wp-content\/uploads\/2025\/02\/Z286-Website-Thermoblend5.png\",\"contentUrl\":\"https:\/\/thermoblend.com.br\/home\/wp-content\/uploads\/2025\/02\/Z286-Website-Thermoblend5.png\",\"width\":1920,\"height\":284,\"caption\":\"Thermoblend\"},\"image\":{\"@id\":\"https:\/\/thermoblend.com.br\/home\/#\/schema\/logo\/image\/\"}},{\"@type\":\"Person\",\"@id\":\"https:\/\/thermoblend.com.br\/home\/#\/schema\/person\/954f51992e18d7780ef0e56895a70f77\",\"name\":\"SEO\",\"image\":{\"@type\":\"ImageObject\",\"inLanguage\":\"pt-BR\",\"@id\":\"https:\/\/thermoblend.com.br\/home\/#\/schema\/person\/image\/\",\"url\":\"https:\/\/secure.gravatar.com\/avatar\/be5b30c70f6013b0fddc17b6b746f0aecfd0d05fbd3325b28d071b7a5a40da96?s=96&d=mm&r=g\",\"contentUrl\":\"https:\/\/secure.gravatar.com\/avatar\/be5b30c70f6013b0fddc17b6b746f0aecfd0d05fbd3325b28d071b7a5a40da96?s=96&d=mm&r=g\",\"caption\":\"SEO\"},\"url\":\"https:\/\/thermoblend.com.br\/home\/author\/seo\/\"}]}<\/script>\n<!-- \/ Yoast SEO plugin. -->","yoast_head_json":{"title":"Thermoblend: Refor\u00e7o com Fibra de Vidro Inovador","description":"Descubra como o refor\u00e7o com fibra de vidro da Thermoblend pode beneficiar seus projetos com qualidade e inova\u00e7\u00e3o.","robots":{"index":"index","follow":"follow","max-snippet":"max-snippet:-1","max-image-preview":"max-image-preview:large","max-video-preview":"max-video-preview:-1"},"canonical":"https:\/\/thermoblend.com.br\/home\/reforco-com-fibra-de-vidro-a-solucao-inovadora-da-thermoblend-8\/","og_locale":"pt_BR","og_type":"article","og_title":"Thermoblend: Refor\u00e7o com Fibra de Vidro Inovador","og_description":"Descubra como o refor\u00e7o com fibra de vidro da Thermoblend pode beneficiar seus projetos com qualidade e inova\u00e7\u00e3o.","og_url":"https:\/\/thermoblend.com.br\/home\/reforco-com-fibra-de-vidro-a-solucao-inovadora-da-thermoblend-8\/","og_site_name":"Thermoblend","article_published_time":"2026-05-01T20:31:02+00:00","og_image":[{"width":1024,"height":512,"url":"https:\/\/thermoblend.com.br\/home\/wp-content\/uploads\/2025\/02\/thermoblend_aero-2-1024x512.png","type":"image\/png"}],"author":"SEO","twitter_card":"summary_large_image","twitter_misc":{"Escrito por":"SEO","Est. tempo de leitura":"3 minutos"},"schema":{"@context":"https:\/\/schema.org","@graph":[{"@type":"Article","@id":"https:\/\/thermoblend.com.br\/home\/reforco-com-fibra-de-vidro-a-solucao-inovadora-da-thermoblend-8\/#article","isPartOf":{"@id":"https:\/\/thermoblend.com.br\/home\/reforco-com-fibra-de-vidro-a-solucao-inovadora-da-thermoblend-8\/"},"author":{"name":"SEO","@id":"https:\/\/thermoblend.com.br\/home\/#\/schema\/person\/954f51992e18d7780ef0e56895a70f77"},"headline":"Refor\u00e7o com fibra de vidro: a Solu\u00e7\u00e3o Inovadora da Thermoblend","datePublished":"2026-05-01T20:31:02+00:00","dateModified":"2026-05-01T20:31:02+00:00","mainEntityOfPage":{"@id":"https:\/\/thermoblend.com.br\/home\/reforco-com-fibra-de-vidro-a-solucao-inovadora-da-thermoblend-8\/"},"wordCount":521,"publisher":{"@id":"https:\/\/thermoblend.com.br\/home\/#organization"},"image":{"@id":"https:\/\/thermoblend.com.br\/home\/reforco-com-fibra-de-vidro-a-solucao-inovadora-da-thermoblend-8\/#primaryimage"},"thumbnailUrl":"https:\/\/thermoblend.com.br\/home\/wp-content\/uploads\/2025\/02\/thermoblend_aero-2.png","articleSection":["SEO - Geral"],"inLanguage":"pt-BR"},{"@type":"WebPage","@id":"https:\/\/thermoblend.com.br\/home\/reforco-com-fibra-de-vidro-a-solucao-inovadora-da-thermoblend-8\/","url":"https:\/\/thermoblend.com.br\/home\/reforco-com-fibra-de-vidro-a-solucao-inovadora-da-thermoblend-8\/","name":"Thermoblend: Refor\u00e7o com Fibra de Vidro Inovador","isPartOf":{"@id":"https:\/\/thermoblend.com.br\/home\/#website"},"primaryImageOfPage":{"@id":"https:\/\/thermoblend.com.br\/home\/reforco-com-fibra-de-vidro-a-solucao-inovadora-da-thermoblend-8\/#primaryimage"},"image":{"@id":"https:\/\/thermoblend.com.br\/home\/reforco-com-fibra-de-vidro-a-solucao-inovadora-da-thermoblend-8\/#primaryimage"},"thumbnailUrl":"https:\/\/thermoblend.com.br\/home\/wp-content\/uploads\/2025\/02\/thermoblend_aero-2.png","datePublished":"2026-05-01T20:31:02+00:00","dateModified":"2026-05-01T20:31:02+00:00","description":"Descubra como o refor\u00e7o com fibra de vidro da Thermoblend pode beneficiar seus projetos com qualidade e inova\u00e7\u00e3o.","breadcrumb":{"@id":"https:\/\/thermoblend.com.br\/home\/reforco-com-fibra-de-vidro-a-solucao-inovadora-da-thermoblend-8\/#breadcrumb"},"inLanguage":"pt-BR","potentialAction":[{"@type":"ReadAction","target":["https:\/\/thermoblend.com.br\/home\/reforco-com-fibra-de-vidro-a-solucao-inovadora-da-thermoblend-8\/"]}]},{"@type":"ImageObject","inLanguage":"pt-BR","@id":"https:\/\/thermoblend.com.br\/home\/reforco-com-fibra-de-vidro-a-solucao-inovadora-da-thermoblend-8\/#primaryimage","url":"https:\/\/thermoblend.com.br\/home\/wp-content\/uploads\/2025\/02\/thermoblend_aero-2.png","contentUrl":"https:\/\/thermoblend.com.br\/home\/wp-content\/uploads\/2025\/02\/thermoblend_aero-2.png","width":1536,"height":768},{"@type":"BreadcrumbList","@id":"https:\/\/thermoblend.com.br\/home\/reforco-com-fibra-de-vidro-a-solucao-inovadora-da-thermoblend-8\/#breadcrumb","itemListElement":[{"@type":"ListItem","position":1,"name":"In\u00edcio","item":"https:\/\/thermoblend.com.br\/home\/"},{"@type":"ListItem","position":2,"name":"Refor\u00e7o com fibra de vidro: a Solu\u00e7\u00e3o Inovadora da Thermoblend"}]},{"@type":"WebSite","@id":"https:\/\/thermoblend.com.br\/home\/#website","url":"https:\/\/thermoblend.com.br\/home\/","name":"Thermoblend","description":"Compostos para o futuro","publisher":{"@id":"https:\/\/thermoblend.com.br\/home\/#organization"},"potentialAction":[{"@type":"SearchAction","target":{"@type":"EntryPoint","urlTemplate":"https:\/\/thermoblend.com.br\/home\/?s={search_term_string}"},"query-input":{"@type":"PropertyValueSpecification","valueRequired":true,"valueName":"search_term_string"}}],"inLanguage":"pt-BR"},{"@type":"Organization","@id":"https:\/\/thermoblend.com.br\/home\/#organization","name":"Thermoblend","url":"https:\/\/thermoblend.com.br\/home\/","logo":{"@type":"ImageObject","inLanguage":"pt-BR","@id":"https:\/\/thermoblend.com.br\/home\/#\/schema\/logo\/image\/","url":"https:\/\/thermoblend.com.br\/home\/wp-content\/uploads\/2025\/02\/Z286-Website-Thermoblend5.png","contentUrl":"https:\/\/thermoblend.com.br\/home\/wp-content\/uploads\/2025\/02\/Z286-Website-Thermoblend5.png","width":1920,"height":284,"caption":"Thermoblend"},"image":{"@id":"https:\/\/thermoblend.com.br\/home\/#\/schema\/logo\/image\/"}},{"@type":"Person","@id":"https:\/\/thermoblend.com.br\/home\/#\/schema\/person\/954f51992e18d7780ef0e56895a70f77","name":"SEO","image":{"@type":"ImageObject","inLanguage":"pt-BR","@id":"https:\/\/thermoblend.com.br\/home\/#\/schema\/person\/image\/","url":"https:\/\/secure.gravatar.com\/avatar\/be5b30c70f6013b0fddc17b6b746f0aecfd0d05fbd3325b28d071b7a5a40da96?s=96&d=mm&r=g","contentUrl":"https:\/\/secure.gravatar.com\/avatar\/be5b30c70f6013b0fddc17b6b746f0aecfd0d05fbd3325b28d071b7a5a40da96?s=96&d=mm&r=g","caption":"SEO"},"url":"https:\/\/thermoblend.com.br\/home\/author\/seo\/"}]}},"_links":{"self":[{"href":"https:\/\/thermoblend.com.br\/home\/wp-json\/wp\/v2\/posts\/24335","targetHints":{"allow":["GET"]}}],"collection":[{"href":"https:\/\/thermoblend.com.br\/home\/wp-json\/wp\/v2\/posts"}],"about":[{"href":"https:\/\/thermoblend.com.br\/home\/wp-json\/wp\/v2\/types\/post"}],"author":[{"embeddable":true,"href":"https:\/\/thermoblend.com.br\/home\/wp-json\/wp\/v2\/users\/2"}],"replies":[{"embeddable":true,"href":"https:\/\/thermoblend.com.br\/home\/wp-json\/wp\/v2\/comments?post=24335"}],"version-history":[{"count":0,"href":"https:\/\/thermoblend.com.br\/home\/wp-json\/wp\/v2\/posts\/24335\/revisions"}],"wp:featuredmedia":[{"embeddable":true,"href":"https:\/\/thermoblend.com.br\/home\/wp-json\/wp\/v2\/media\/257"}],"wp:attachment":[{"href":"https:\/\/thermoblend.com.br\/home\/wp-json\/wp\/v2\/media?parent=24335"}],"wp:term":[{"taxonomy":"category","embeddable":true,"href":"https:\/\/thermoblend.com.br\/home\/wp-json\/wp\/v2\/categories?post=24335"},{"taxonomy":"post_tag","embeddable":true,"href":"https:\/\/thermoblend.com.br\/home\/wp-json\/wp\/v2\/tags?post=24335"}],"curies":[{"name":"wp","href":"https:\/\/api.w.org\/{rel}","templated":true}]}}