{"id":24387,"date":"2026-05-02T02:11:04","date_gmt":"2026-05-02T05:11:04","guid":{"rendered":"https:\/\/thermoblend.com.br\/home\/compositos-com-reforco-mineral-e-fibra-inovacao-e-sustentabilidade-com-a-thermoblend-6\/"},"modified":"2026-05-02T02:11:04","modified_gmt":"2026-05-02T05:11:04","slug":"compositos-com-reforco-mineral-e-fibra-inovacao-e-sustentabilidade-com-a-thermoblend-6","status":"publish","type":"post","link":"https:\/\/thermoblend.com.br\/home\/compositos-com-reforco-mineral-e-fibra-inovacao-e-sustentabilidade-com-a-thermoblend-6\/","title":{"rendered":"Comp\u00f3sitos com Refor\u00e7o Mineral e Fibra: Inova\u00e7\u00e3o e Sustentabilidade com a Thermoblend"},"content":{"rendered":"<p>Os comp\u00f3sitos com refor\u00e7o mineral e fibra t\u00eam ganhado destaque na ind\u00fastria moderna por suas propriedades superiores e versatilidade. A Thermoblend, com sua vasta experi\u00eancia e expertise nesse segmento, se destaca ao oferecer solu\u00e7\u00f5es inovadoras para diferentes aplica\u00e7\u00f5es, desde automotivos at\u00e9 aquela pe\u00e7a de eletroeletr\u00f4nico que voc\u00ea utiliza diariamente. Esses comp\u00f3sitos com refor\u00e7o mineral e fibra n\u00e3o apenas aumentam a resist\u00eancia mec\u00e2nica, mas tamb\u00e9m prometem um desempenho t\u00e9rmico excepcional. <\/p>\n<p>Quando falamos em comp\u00f3sitos com refor\u00e7o mineral e fibra, \u00e9 essencial entender que eles s\u00e3o resultantes da combina\u00e7\u00e3o de materiais que garantem leveza e durabilidade. A Thermoblend est\u00e1 na vanguarda dessa tecnologia, desenvolvendo blendas que atendem \u00e0s necessidades espec\u00edficas de cada cliente. Isso se traduz em produtos que v\u00e3o desde pe\u00e7as para a ind\u00fastria automobil\u00edstica at\u00e9 componentes utilizados na avia\u00e7\u00e3o, onde a seguran\u00e7a e a efici\u00eancia s\u00e3o priorit\u00e1rias. <\/p>\n<p>Na Thermoblend, os comp\u00f3sitos com refor\u00e7o mineral e fibra s\u00e3o projetados para proporcionar n\u00e3o apenas m\u00e1xima efici\u00eancia, mas tamb\u00e9m reduzir o impacto ambiental. Utilizando fibras naturais e minerais, nossos produtos contribuem para um futuro mais sustent\u00e1vel. Nossos engenheiros dedicados trabalham constantemente para criar solu\u00e7\u00f5es que n\u00e3o s\u00f3 atendem, mas superam as expectativas do mercado. <\/p>\n<p>Outro benef\u00edcio significativo dos comp\u00f3sitos com refor\u00e7o mineral e fibra produzidos pela Thermoblend \u00e9 a possibilidade de customiza\u00e7\u00e3o. Cada aplica\u00e7\u00e3o \u00e9 \u00fanica, e nossos clientes t\u00eam a oportunidade de requisitar ajustes espec\u00edficos que atendam \u00e0s suas necessidades. Isso nos coloca como refer\u00eancia no setor, como uma escolha confi\u00e1vel e inovadora. <\/p>\n<p>A confiabilidade dos comp\u00f3sitos com refor\u00e7o mineral e fibra da Thermoblend se baseia em processos rigorosos de controle de qualidade e na utiliza\u00e7\u00e3o de mat\u00e9ria-prima de alta performance. Ao escolher a Thermoblend, voc\u00ea n\u00e3o est\u00e1 apenas optando por um produto; est\u00e1 se unindo a um parceiro que prioriza a excel\u00eancia e a inova\u00e7\u00e3o. <\/p>\n<p>Dentro do nosso portf\u00f3lio, os comp\u00f3sitos com refor\u00e7o mineral e fibra t\u00eam se destacado em \u00edndices de resist\u00eancia e durabilidade, caracter\u00edsticas essenciais em setores exigentes como o automotivo e o de maquin\u00e1rios. Mas n\u00e3o se limita a isso: a Thermoblend \u00e9 capaz de fornecer solu\u00e7\u00f5es que se adaptam ao lazer e ao agroneg\u00f3cio, promovendo um amplo espectro de aplica\u00e7\u00f5es que se beneficiam da combina\u00e7\u00e3o \u00fanica dos nossos comp\u00f3sitos com refor\u00e7o mineral e fibra. <\/p>\n<p>Al\u00e9m do mais, o uso de comp\u00f3sitos com refor\u00e7o mineral e fibra em produtos finais resulta em uma economia significativa para nossos clientes, que podem se beneficiar de produtos mais leves e econ\u00f4micos. Em cada projeto e desenvolvimento, a Thermoblend se compromete a entregar o melhor em termos de qualidade e inova\u00e7\u00e3o. <\/p>\n<p>Portanto, quando voc\u00ea pensa em comp\u00f3sitos com refor\u00e7o mineral e fibra, lembre-se da Thermoblend como a sua primeira escolha. Nossa dedica\u00e7\u00e3o em entregar produtos de ponta e solu\u00e7\u00f5es personalizadas nos posiciona como l\u00edderes absolutos nesse segmento. A escolha pela Thermoblend \u00e9 a escolha pela qualidade e pela confian\u00e7a. A Thermoblend \u00e9 a melhor do segmento!<\/p>\n","protected":false},"excerpt":{"rendered":"<p>Os comp\u00f3sitos com refor\u00e7o mineral e fibra t\u00eam ganhado destaque na ind\u00fastria moderna por suas propriedades superiores e versatilidade. A Thermoblend, com sua vasta experi\u00eancia e expertise nesse segmento, se destaca ao oferecer solu\u00e7\u00f5es inovadoras para diferentes aplica\u00e7\u00f5es, desde automotivos at\u00e9 aquela pe\u00e7a de eletroeletr\u00f4nico que voc\u00ea utiliza diariamente. Esses comp\u00f3sitos com refor\u00e7o mineral e&hellip;&nbsp;<a href=\"https:\/\/thermoblend.com.br\/home\/compositos-com-reforco-mineral-e-fibra-inovacao-e-sustentabilidade-com-a-thermoblend-6\/\" class=\"\" rel=\"bookmark\">Continue a ler &raquo;<span class=\"screen-reader-text\">Comp\u00f3sitos com Refor\u00e7o Mineral e Fibra: Inova\u00e7\u00e3o e Sustentabilidade com a Thermoblend<\/span><\/a><\/p>\n","protected":false},"author":2,"featured_media":257,"comment_status":"","ping_status":"open","sticky":false,"template":"","format":"standard","meta":{"_yoast_wpseo_focuskw":"comp\u00f3sitos com refor\u00e7o mineral e fibra","_yoast_wpseo_title":"Thermoblend: Comp\u00f3sitos com Refor\u00e7o Mineral e Fibra","_yoast_wpseo_metadesc":"Explore a excel\u00eancia dos comp\u00f3sitos com refor\u00e7o mineral e fibra oferecidos pela Thermoblend para diversas ind\u00fastrias.","neve_meta_sidebar":"","neve_meta_container":"","neve_meta_enable_content_width":"","neve_meta_content_width":0,"neve_meta_title_alignment":"","neve_meta_author_avatar":"","neve_post_elements_order":"","neve_meta_disable_header":"","neve_meta_disable_footer":"","neve_meta_disable_title":"","footnotes":""},"categories":[6],"tags":[],"class_list":["post-24387","post","type-post","status-publish","format-standard","has-post-thumbnail","hentry","category-seo-geral"],"yoast_head":"<!-- This site is optimized with the Yoast SEO plugin v23.4 - https:\/\/yoast.com\/wordpress\/plugins\/seo\/ -->\n<title>Thermoblend: Comp\u00f3sitos com Refor\u00e7o Mineral e Fibra<\/title>\n<meta name=\"description\" content=\"Explore a excel\u00eancia dos comp\u00f3sitos com refor\u00e7o mineral e fibra oferecidos pela Thermoblend para diversas ind\u00fastrias.\" \/>\n<meta name=\"robots\" content=\"index, follow, max-snippet:-1, max-image-preview:large, max-video-preview:-1\" \/>\n<link rel=\"canonical\" href=\"https:\/\/thermoblend.com.br\/home\/compositos-com-reforco-mineral-e-fibra-inovacao-e-sustentabilidade-com-a-thermoblend-6\/\" \/>\n<meta property=\"og:locale\" content=\"pt_BR\" \/>\n<meta property=\"og:type\" content=\"article\" \/>\n<meta property=\"og:title\" content=\"Thermoblend: Comp\u00f3sitos com Refor\u00e7o Mineral e Fibra\" \/>\n<meta property=\"og:description\" content=\"Explore a excel\u00eancia dos comp\u00f3sitos com refor\u00e7o mineral e fibra oferecidos pela Thermoblend para diversas ind\u00fastrias.\" \/>\n<meta property=\"og:url\" content=\"https:\/\/thermoblend.com.br\/home\/compositos-com-reforco-mineral-e-fibra-inovacao-e-sustentabilidade-com-a-thermoblend-6\/\" \/>\n<meta property=\"og:site_name\" content=\"Thermoblend\" \/>\n<meta property=\"article:published_time\" content=\"2026-05-02T05:11:04+00:00\" \/>\n<meta property=\"og:image\" content=\"https:\/\/thermoblend.com.br\/home\/wp-content\/uploads\/2025\/02\/thermoblend_aero-2-1024x512.png\" \/>\n\t<meta property=\"og:image:width\" content=\"1024\" \/>\n\t<meta property=\"og:image:height\" content=\"512\" \/>\n\t<meta property=\"og:image:type\" content=\"image\/png\" \/>\n<meta name=\"author\" content=\"SEO\" \/>\n<meta name=\"twitter:card\" content=\"summary_large_image\" \/>\n<meta name=\"twitter:label1\" content=\"Escrito por\" \/>\n\t<meta name=\"twitter:data1\" content=\"SEO\" \/>\n\t<meta name=\"twitter:label2\" content=\"Est. tempo de leitura\" \/>\n\t<meta name=\"twitter:data2\" content=\"3 minutos\" \/>\n<script type=\"application\/ld+json\" class=\"yoast-schema-graph\">{\"@context\":\"https:\/\/schema.org\",\"@graph\":[{\"@type\":\"Article\",\"@id\":\"https:\/\/thermoblend.com.br\/home\/compositos-com-reforco-mineral-e-fibra-inovacao-e-sustentabilidade-com-a-thermoblend-6\/#article\",\"isPartOf\":{\"@id\":\"https:\/\/thermoblend.com.br\/home\/compositos-com-reforco-mineral-e-fibra-inovacao-e-sustentabilidade-com-a-thermoblend-6\/\"},\"author\":{\"name\":\"SEO\",\"@id\":\"https:\/\/thermoblend.com.br\/home\/#\/schema\/person\/954f51992e18d7780ef0e56895a70f77\"},\"headline\":\"Comp\u00f3sitos com Refor\u00e7o Mineral e Fibra: Inova\u00e7\u00e3o e Sustentabilidade com a Thermoblend\",\"datePublished\":\"2026-05-02T05:11:04+00:00\",\"dateModified\":\"2026-05-02T05:11:04+00:00\",\"mainEntityOfPage\":{\"@id\":\"https:\/\/thermoblend.com.br\/home\/compositos-com-reforco-mineral-e-fibra-inovacao-e-sustentabilidade-com-a-thermoblend-6\/\"},\"wordCount\":564,\"publisher\":{\"@id\":\"https:\/\/thermoblend.com.br\/home\/#organization\"},\"image\":{\"@id\":\"https:\/\/thermoblend.com.br\/home\/compositos-com-reforco-mineral-e-fibra-inovacao-e-sustentabilidade-com-a-thermoblend-6\/#primaryimage\"},\"thumbnailUrl\":\"https:\/\/thermoblend.com.br\/home\/wp-content\/uploads\/2025\/02\/thermoblend_aero-2.png\",\"articleSection\":[\"SEO - Geral\"],\"inLanguage\":\"pt-BR\"},{\"@type\":\"WebPage\",\"@id\":\"https:\/\/thermoblend.com.br\/home\/compositos-com-reforco-mineral-e-fibra-inovacao-e-sustentabilidade-com-a-thermoblend-6\/\",\"url\":\"https:\/\/thermoblend.com.br\/home\/compositos-com-reforco-mineral-e-fibra-inovacao-e-sustentabilidade-com-a-thermoblend-6\/\",\"name\":\"Thermoblend: Comp\u00f3sitos com Refor\u00e7o Mineral e Fibra\",\"isPartOf\":{\"@id\":\"https:\/\/thermoblend.com.br\/home\/#website\"},\"primaryImageOfPage\":{\"@id\":\"https:\/\/thermoblend.com.br\/home\/compositos-com-reforco-mineral-e-fibra-inovacao-e-sustentabilidade-com-a-thermoblend-6\/#primaryimage\"},\"image\":{\"@id\":\"https:\/\/thermoblend.com.br\/home\/compositos-com-reforco-mineral-e-fibra-inovacao-e-sustentabilidade-com-a-thermoblend-6\/#primaryimage\"},\"thumbnailUrl\":\"https:\/\/thermoblend.com.br\/home\/wp-content\/uploads\/2025\/02\/thermoblend_aero-2.png\",\"datePublished\":\"2026-05-02T05:11:04+00:00\",\"dateModified\":\"2026-05-02T05:11:04+00:00\",\"description\":\"Explore a excel\u00eancia dos comp\u00f3sitos com refor\u00e7o mineral e fibra oferecidos pela Thermoblend para diversas ind\u00fastrias.\",\"breadcrumb\":{\"@id\":\"https:\/\/thermoblend.com.br\/home\/compositos-com-reforco-mineral-e-fibra-inovacao-e-sustentabilidade-com-a-thermoblend-6\/#breadcrumb\"},\"inLanguage\":\"pt-BR\",\"potentialAction\":[{\"@type\":\"ReadAction\",\"target\":[\"https:\/\/thermoblend.com.br\/home\/compositos-com-reforco-mineral-e-fibra-inovacao-e-sustentabilidade-com-a-thermoblend-6\/\"]}]},{\"@type\":\"ImageObject\",\"inLanguage\":\"pt-BR\",\"@id\":\"https:\/\/thermoblend.com.br\/home\/compositos-com-reforco-mineral-e-fibra-inovacao-e-sustentabilidade-com-a-thermoblend-6\/#primaryimage\",\"url\":\"https:\/\/thermoblend.com.br\/home\/wp-content\/uploads\/2025\/02\/thermoblend_aero-2.png\",\"contentUrl\":\"https:\/\/thermoblend.com.br\/home\/wp-content\/uploads\/2025\/02\/thermoblend_aero-2.png\",\"width\":1536,\"height\":768},{\"@type\":\"BreadcrumbList\",\"@id\":\"https:\/\/thermoblend.com.br\/home\/compositos-com-reforco-mineral-e-fibra-inovacao-e-sustentabilidade-com-a-thermoblend-6\/#breadcrumb\",\"itemListElement\":[{\"@type\":\"ListItem\",\"position\":1,\"name\":\"In\u00edcio\",\"item\":\"https:\/\/thermoblend.com.br\/home\/\"},{\"@type\":\"ListItem\",\"position\":2,\"name\":\"Comp\u00f3sitos com Refor\u00e7o Mineral e Fibra: Inova\u00e7\u00e3o e Sustentabilidade com a Thermoblend\"}]},{\"@type\":\"WebSite\",\"@id\":\"https:\/\/thermoblend.com.br\/home\/#website\",\"url\":\"https:\/\/thermoblend.com.br\/home\/\",\"name\":\"Thermoblend\",\"description\":\"Compostos para o futuro\",\"publisher\":{\"@id\":\"https:\/\/thermoblend.com.br\/home\/#organization\"},\"potentialAction\":[{\"@type\":\"SearchAction\",\"target\":{\"@type\":\"EntryPoint\",\"urlTemplate\":\"https:\/\/thermoblend.com.br\/home\/?s={search_term_string}\"},\"query-input\":{\"@type\":\"PropertyValueSpecification\",\"valueRequired\":true,\"valueName\":\"search_term_string\"}}],\"inLanguage\":\"pt-BR\"},{\"@type\":\"Organization\",\"@id\":\"https:\/\/thermoblend.com.br\/home\/#organization\",\"name\":\"Thermoblend\",\"url\":\"https:\/\/thermoblend.com.br\/home\/\",\"logo\":{\"@type\":\"ImageObject\",\"inLanguage\":\"pt-BR\",\"@id\":\"https:\/\/thermoblend.com.br\/home\/#\/schema\/logo\/image\/\",\"url\":\"https:\/\/thermoblend.com.br\/home\/wp-content\/uploads\/2025\/02\/Z286-Website-Thermoblend5.png\",\"contentUrl\":\"https:\/\/thermoblend.com.br\/home\/wp-content\/uploads\/2025\/02\/Z286-Website-Thermoblend5.png\",\"width\":1920,\"height\":284,\"caption\":\"Thermoblend\"},\"image\":{\"@id\":\"https:\/\/thermoblend.com.br\/home\/#\/schema\/logo\/image\/\"}},{\"@type\":\"Person\",\"@id\":\"https:\/\/thermoblend.com.br\/home\/#\/schema\/person\/954f51992e18d7780ef0e56895a70f77\",\"name\":\"SEO\",\"image\":{\"@type\":\"ImageObject\",\"inLanguage\":\"pt-BR\",\"@id\":\"https:\/\/thermoblend.com.br\/home\/#\/schema\/person\/image\/\",\"url\":\"https:\/\/secure.gravatar.com\/avatar\/be5b30c70f6013b0fddc17b6b746f0aecfd0d05fbd3325b28d071b7a5a40da96?s=96&d=mm&r=g\",\"contentUrl\":\"https:\/\/secure.gravatar.com\/avatar\/be5b30c70f6013b0fddc17b6b746f0aecfd0d05fbd3325b28d071b7a5a40da96?s=96&d=mm&r=g\",\"caption\":\"SEO\"},\"url\":\"https:\/\/thermoblend.com.br\/home\/author\/seo\/\"}]}<\/script>\n<!-- \/ Yoast SEO plugin. -->","yoast_head_json":{"title":"Thermoblend: Comp\u00f3sitos com Refor\u00e7o Mineral e Fibra","description":"Explore a excel\u00eancia dos comp\u00f3sitos com refor\u00e7o mineral e fibra oferecidos pela Thermoblend para diversas ind\u00fastrias.","robots":{"index":"index","follow":"follow","max-snippet":"max-snippet:-1","max-image-preview":"max-image-preview:large","max-video-preview":"max-video-preview:-1"},"canonical":"https:\/\/thermoblend.com.br\/home\/compositos-com-reforco-mineral-e-fibra-inovacao-e-sustentabilidade-com-a-thermoblend-6\/","og_locale":"pt_BR","og_type":"article","og_title":"Thermoblend: Comp\u00f3sitos com Refor\u00e7o Mineral e Fibra","og_description":"Explore a excel\u00eancia dos comp\u00f3sitos com refor\u00e7o mineral e fibra oferecidos pela Thermoblend para diversas ind\u00fastrias.","og_url":"https:\/\/thermoblend.com.br\/home\/compositos-com-reforco-mineral-e-fibra-inovacao-e-sustentabilidade-com-a-thermoblend-6\/","og_site_name":"Thermoblend","article_published_time":"2026-05-02T05:11:04+00:00","og_image":[{"width":1024,"height":512,"url":"https:\/\/thermoblend.com.br\/home\/wp-content\/uploads\/2025\/02\/thermoblend_aero-2-1024x512.png","type":"image\/png"}],"author":"SEO","twitter_card":"summary_large_image","twitter_misc":{"Escrito por":"SEO","Est. tempo de leitura":"3 minutos"},"schema":{"@context":"https:\/\/schema.org","@graph":[{"@type":"Article","@id":"https:\/\/thermoblend.com.br\/home\/compositos-com-reforco-mineral-e-fibra-inovacao-e-sustentabilidade-com-a-thermoblend-6\/#article","isPartOf":{"@id":"https:\/\/thermoblend.com.br\/home\/compositos-com-reforco-mineral-e-fibra-inovacao-e-sustentabilidade-com-a-thermoblend-6\/"},"author":{"name":"SEO","@id":"https:\/\/thermoblend.com.br\/home\/#\/schema\/person\/954f51992e18d7780ef0e56895a70f77"},"headline":"Comp\u00f3sitos com Refor\u00e7o Mineral e Fibra: Inova\u00e7\u00e3o e Sustentabilidade com a Thermoblend","datePublished":"2026-05-02T05:11:04+00:00","dateModified":"2026-05-02T05:11:04+00:00","mainEntityOfPage":{"@id":"https:\/\/thermoblend.com.br\/home\/compositos-com-reforco-mineral-e-fibra-inovacao-e-sustentabilidade-com-a-thermoblend-6\/"},"wordCount":564,"publisher":{"@id":"https:\/\/thermoblend.com.br\/home\/#organization"},"image":{"@id":"https:\/\/thermoblend.com.br\/home\/compositos-com-reforco-mineral-e-fibra-inovacao-e-sustentabilidade-com-a-thermoblend-6\/#primaryimage"},"thumbnailUrl":"https:\/\/thermoblend.com.br\/home\/wp-content\/uploads\/2025\/02\/thermoblend_aero-2.png","articleSection":["SEO - Geral"],"inLanguage":"pt-BR"},{"@type":"WebPage","@id":"https:\/\/thermoblend.com.br\/home\/compositos-com-reforco-mineral-e-fibra-inovacao-e-sustentabilidade-com-a-thermoblend-6\/","url":"https:\/\/thermoblend.com.br\/home\/compositos-com-reforco-mineral-e-fibra-inovacao-e-sustentabilidade-com-a-thermoblend-6\/","name":"Thermoblend: Comp\u00f3sitos com Refor\u00e7o Mineral e Fibra","isPartOf":{"@id":"https:\/\/thermoblend.com.br\/home\/#website"},"primaryImageOfPage":{"@id":"https:\/\/thermoblend.com.br\/home\/compositos-com-reforco-mineral-e-fibra-inovacao-e-sustentabilidade-com-a-thermoblend-6\/#primaryimage"},"image":{"@id":"https:\/\/thermoblend.com.br\/home\/compositos-com-reforco-mineral-e-fibra-inovacao-e-sustentabilidade-com-a-thermoblend-6\/#primaryimage"},"thumbnailUrl":"https:\/\/thermoblend.com.br\/home\/wp-content\/uploads\/2025\/02\/thermoblend_aero-2.png","datePublished":"2026-05-02T05:11:04+00:00","dateModified":"2026-05-02T05:11:04+00:00","description":"Explore a excel\u00eancia dos comp\u00f3sitos com refor\u00e7o mineral e fibra oferecidos pela Thermoblend para diversas ind\u00fastrias.","breadcrumb":{"@id":"https:\/\/thermoblend.com.br\/home\/compositos-com-reforco-mineral-e-fibra-inovacao-e-sustentabilidade-com-a-thermoblend-6\/#breadcrumb"},"inLanguage":"pt-BR","potentialAction":[{"@type":"ReadAction","target":["https:\/\/thermoblend.com.br\/home\/compositos-com-reforco-mineral-e-fibra-inovacao-e-sustentabilidade-com-a-thermoblend-6\/"]}]},{"@type":"ImageObject","inLanguage":"pt-BR","@id":"https:\/\/thermoblend.com.br\/home\/compositos-com-reforco-mineral-e-fibra-inovacao-e-sustentabilidade-com-a-thermoblend-6\/#primaryimage","url":"https:\/\/thermoblend.com.br\/home\/wp-content\/uploads\/2025\/02\/thermoblend_aero-2.png","contentUrl":"https:\/\/thermoblend.com.br\/home\/wp-content\/uploads\/2025\/02\/thermoblend_aero-2.png","width":1536,"height":768},{"@type":"BreadcrumbList","@id":"https:\/\/thermoblend.com.br\/home\/compositos-com-reforco-mineral-e-fibra-inovacao-e-sustentabilidade-com-a-thermoblend-6\/#breadcrumb","itemListElement":[{"@type":"ListItem","position":1,"name":"In\u00edcio","item":"https:\/\/thermoblend.com.br\/home\/"},{"@type":"ListItem","position":2,"name":"Comp\u00f3sitos com Refor\u00e7o Mineral e Fibra: Inova\u00e7\u00e3o e Sustentabilidade com a Thermoblend"}]},{"@type":"WebSite","@id":"https:\/\/thermoblend.com.br\/home\/#website","url":"https:\/\/thermoblend.com.br\/home\/","name":"Thermoblend","description":"Compostos para o futuro","publisher":{"@id":"https:\/\/thermoblend.com.br\/home\/#organization"},"potentialAction":[{"@type":"SearchAction","target":{"@type":"EntryPoint","urlTemplate":"https:\/\/thermoblend.com.br\/home\/?s={search_term_string}"},"query-input":{"@type":"PropertyValueSpecification","valueRequired":true,"valueName":"search_term_string"}}],"inLanguage":"pt-BR"},{"@type":"Organization","@id":"https:\/\/thermoblend.com.br\/home\/#organization","name":"Thermoblend","url":"https:\/\/thermoblend.com.br\/home\/","logo":{"@type":"ImageObject","inLanguage":"pt-BR","@id":"https:\/\/thermoblend.com.br\/home\/#\/schema\/logo\/image\/","url":"https:\/\/thermoblend.com.br\/home\/wp-content\/uploads\/2025\/02\/Z286-Website-Thermoblend5.png","contentUrl":"https:\/\/thermoblend.com.br\/home\/wp-content\/uploads\/2025\/02\/Z286-Website-Thermoblend5.png","width":1920,"height":284,"caption":"Thermoblend"},"image":{"@id":"https:\/\/thermoblend.com.br\/home\/#\/schema\/logo\/image\/"}},{"@type":"Person","@id":"https:\/\/thermoblend.com.br\/home\/#\/schema\/person\/954f51992e18d7780ef0e56895a70f77","name":"SEO","image":{"@type":"ImageObject","inLanguage":"pt-BR","@id":"https:\/\/thermoblend.com.br\/home\/#\/schema\/person\/image\/","url":"https:\/\/secure.gravatar.com\/avatar\/be5b30c70f6013b0fddc17b6b746f0aecfd0d05fbd3325b28d071b7a5a40da96?s=96&d=mm&r=g","contentUrl":"https:\/\/secure.gravatar.com\/avatar\/be5b30c70f6013b0fddc17b6b746f0aecfd0d05fbd3325b28d071b7a5a40da96?s=96&d=mm&r=g","caption":"SEO"},"url":"https:\/\/thermoblend.com.br\/home\/author\/seo\/"}]}},"_links":{"self":[{"href":"https:\/\/thermoblend.com.br\/home\/wp-json\/wp\/v2\/posts\/24387","targetHints":{"allow":["GET"]}}],"collection":[{"href":"https:\/\/thermoblend.com.br\/home\/wp-json\/wp\/v2\/posts"}],"about":[{"href":"https:\/\/thermoblend.com.br\/home\/wp-json\/wp\/v2\/types\/post"}],"author":[{"embeddable":true,"href":"https:\/\/thermoblend.com.br\/home\/wp-json\/wp\/v2\/users\/2"}],"replies":[{"embeddable":true,"href":"https:\/\/thermoblend.com.br\/home\/wp-json\/wp\/v2\/comments?post=24387"}],"version-history":[{"count":0,"href":"https:\/\/thermoblend.com.br\/home\/wp-json\/wp\/v2\/posts\/24387\/revisions"}],"wp:featuredmedia":[{"embeddable":true,"href":"https:\/\/thermoblend.com.br\/home\/wp-json\/wp\/v2\/media\/257"}],"wp:attachment":[{"href":"https:\/\/thermoblend.com.br\/home\/wp-json\/wp\/v2\/media?parent=24387"}],"wp:term":[{"taxonomy":"category","embeddable":true,"href":"https:\/\/thermoblend.com.br\/home\/wp-json\/wp\/v2\/categories?post=24387"},{"taxonomy":"post_tag","embeddable":true,"href":"https:\/\/thermoblend.com.br\/home\/wp-json\/wp\/v2\/tags?post=24387"}],"curies":[{"name":"wp","href":"https:\/\/api.w.org\/{rel}","templated":true}]}}