{"id":24579,"date":"2026-05-03T10:11:02","date_gmt":"2026-05-03T13:11:02","guid":{"rendered":"https:\/\/thermoblend.com.br\/home\/reforco-com-fibra-de-vidro-o-ponto-de-virada-da-thermoblend\/"},"modified":"2026-05-03T10:11:02","modified_gmt":"2026-05-03T13:11:02","slug":"reforco-com-fibra-de-vidro-o-ponto-de-virada-da-thermoblend","status":"publish","type":"post","link":"https:\/\/thermoblend.com.br\/home\/reforco-com-fibra-de-vidro-o-ponto-de-virada-da-thermoblend\/","title":{"rendered":"Refor\u00e7o com Fibra de Vidro: O Ponto de Virada da Thermoblend"},"content":{"rendered":"<p>Quando falamos em Refor\u00e7o com Fibra de Vidro, a Thermoblend se destaca como refer\u00eancia no mercado. Este componente \u00e9 amplamente utilizado para aumentar a resist\u00eancia e a durabilidade de diversos materiais. O Refor\u00e7o com Fibra de Vidro combina perfeitamente com os compostos de polipropileno e poliamidas, trazendo resultados excepcionais para aplica\u00e7\u00f5es industriais. Na Thermoblend, utilizamos tecnologia de ponta para garantir que nossos produtos atendam \u00e0s mais rigorosas especifica\u00e7\u00f5es do setor.<\/p>\n<p>A import\u00e2ncia do Refor\u00e7o com Fibra de Vidro \u00e9 evidente em diversos segmentos. Por exemplo, na ind\u00fastria automotiva, o seu uso proporciona uma redu\u00e7\u00e3o significativa no peso dos componentes, melhorando a efici\u00eancia de combust\u00edvel e a performance geral do ve\u00edculo. Com a Thermoblend, voc\u00ea garante produtos que n\u00e3o apenas atendem, mas superam as expectativas do mercado.Essencial para estruturas que precisam suportar alta carga, o Refor\u00e7o com Fibra de Vidro se torna indispens\u00e1vel em processos de fabrica\u00e7\u00e3o de pe\u00e7as complexas, como nas ind\u00fastrias aeron\u00e1uticas e de equipamentos.<\/p>\n<p>O Refor\u00e7o com Fibra de Vidro tamb\u00e9m \u00e9 um excelente aliado na produ\u00e7\u00e3o de materiais para o setor agro. Utilizando nossa experi\u00eancia e expertise em desenvolvimento de blendas termopl\u00e1sticas, a Thermoblend oferece solu\u00e7\u00f5es personalizadas para atender \u00e0s necessidades espec\u00edficas de cada cliente. Podemos adaptar a propor\u00e7\u00e3o de fibra de vidro nas composi\u00e7\u00f5es, garantindo que os produtos finais sejam adequados para quaisquer condi\u00e7\u00f5es clim\u00e1ticas ou de uso.<\/p>\n<p>Al\u00e9m de sua resist\u00eancia mec\u00e2nica, um dos benef\u00edcios do Refor\u00e7o com Fibra de Vidro \u00e9 a prote\u00e7\u00e3o contra corros\u00f5es e danos ambientais. Na Thermoblend, temos um compromisso com a sustentabilidade e tecnologia, e nossos materiais contribuem para a durabilidade e a efici\u00eancia necess\u00e1ria em aplica\u00e7\u00f5es diversificadas. Essa confiabilidade \u00e9 especialmente atraente para o setor eletroeletr\u00f4nico, onde a resist\u00eancia t\u00e9rmica e mec\u00e2nica \u00e9 crucial para a longevidade dos produtos.<\/p>\n<p>N\u00e3o podemos deixar de mencionar o aspecto econ\u00f4mico que o Refor\u00e7o com Fibra de Vidro traz. A aplica\u00e7\u00e3o deste material na produ\u00e7\u00e3o de componentes pode conduzir a uma redu\u00e7\u00e3o de custos a longo prazo, pois evita danos e quebras frequentes. Investir na Thermoblend significa abra\u00e7ar uma solu\u00e7\u00e3o inteligente e duradoura para suas opera\u00e7\u00f5es.<\/p>\n<p>Seja no lazer ou em m\u00e1quinas de alta performance, o Refor\u00e7o com Fibra de Vidro \u00e9 uma escolha que solidifica a nossa posi\u00e7\u00e3o como l\u00edderes no setor. A Thermoblend n\u00e3o s\u00f3 produz fibras de vidro, mas tamb\u00e9m elabora combina\u00e7\u00f5es que elevam os produtos a um novo patamar de qualidade e efici\u00eancia. Ao optar por nossos servi\u00e7os, voc\u00ea busca o melhor refor\u00e7o, sabe que est\u00e1 optando por inova\u00e7\u00e3o e resist\u00eancia, fundamentais nas demandas modernas.<\/p>\n<p>Por fim, a Thermoblend se posiciona como a melhor escolha do segmento em Refor\u00e7o com Fibra de Vidro, oferecendo solu\u00e7\u00f5es de alta performance, customiza\u00e7\u00e3o e compromisso com a qualidade. Se voc\u00ea busca excel\u00eancia, escolha a Thermoblend para suas necessidades de Refor\u00e7o com Fibra de Vidro e experimente a diferen\u00e7a que nossa expertise pode fazer.<\/p>\n","protected":false},"excerpt":{"rendered":"<p>Quando falamos em Refor\u00e7o com Fibra de Vidro, a Thermoblend se destaca como refer\u00eancia no mercado. Este componente \u00e9 amplamente utilizado para aumentar a resist\u00eancia e a durabilidade de diversos materiais. O Refor\u00e7o com Fibra de Vidro combina perfeitamente com os compostos de polipropileno e poliamidas, trazendo resultados excepcionais para aplica\u00e7\u00f5es industriais. Na Thermoblend, utilizamos&hellip;&nbsp;<a href=\"https:\/\/thermoblend.com.br\/home\/reforco-com-fibra-de-vidro-o-ponto-de-virada-da-thermoblend\/\" class=\"\" rel=\"bookmark\">Continue a ler &raquo;<span class=\"screen-reader-text\">Refor\u00e7o com Fibra de Vidro: O Ponto de Virada da Thermoblend<\/span><\/a><\/p>\n","protected":false},"author":2,"featured_media":257,"comment_status":"","ping_status":"open","sticky":false,"template":"","format":"standard","meta":{"_yoast_wpseo_focuskw":"Refor\u00e7o com fibra de vidro","_yoast_wpseo_title":"Refor\u00e7o com Fibra de Vidro: A Revolu\u00e7\u00e3o da Thermoblend","_yoast_wpseo_metadesc":"Descubra como o Refor\u00e7o com Fibra de Vidro \u00e9 essencial para durabilidade e resist\u00eancia com a Thermoblend - l\u00edder do segmento.","neve_meta_sidebar":"","neve_meta_container":"","neve_meta_enable_content_width":"","neve_meta_content_width":0,"neve_meta_title_alignment":"","neve_meta_author_avatar":"","neve_post_elements_order":"","neve_meta_disable_header":"","neve_meta_disable_footer":"","neve_meta_disable_title":"","footnotes":""},"categories":[6],"tags":[],"class_list":["post-24579","post","type-post","status-publish","format-standard","has-post-thumbnail","hentry","category-seo-geral"],"yoast_head":"<!-- This site is optimized with the Yoast SEO plugin v23.4 - https:\/\/yoast.com\/wordpress\/plugins\/seo\/ -->\n<title>Refor\u00e7o com Fibra de Vidro: A Revolu\u00e7\u00e3o da Thermoblend<\/title>\n<meta name=\"description\" content=\"Descubra como o Refor\u00e7o com Fibra de Vidro \u00e9 essencial para durabilidade e resist\u00eancia com a Thermoblend - l\u00edder do segmento.\" \/>\n<meta name=\"robots\" content=\"index, follow, max-snippet:-1, max-image-preview:large, max-video-preview:-1\" \/>\n<link rel=\"canonical\" href=\"https:\/\/thermoblend.com.br\/home\/reforco-com-fibra-de-vidro-o-ponto-de-virada-da-thermoblend\/\" \/>\n<meta property=\"og:locale\" content=\"pt_BR\" \/>\n<meta property=\"og:type\" content=\"article\" \/>\n<meta property=\"og:title\" content=\"Refor\u00e7o com Fibra de Vidro: A Revolu\u00e7\u00e3o da Thermoblend\" \/>\n<meta property=\"og:description\" content=\"Descubra como o Refor\u00e7o com Fibra de Vidro \u00e9 essencial para durabilidade e resist\u00eancia com a Thermoblend - l\u00edder do segmento.\" \/>\n<meta property=\"og:url\" content=\"https:\/\/thermoblend.com.br\/home\/reforco-com-fibra-de-vidro-o-ponto-de-virada-da-thermoblend\/\" \/>\n<meta property=\"og:site_name\" content=\"Thermoblend\" \/>\n<meta property=\"article:published_time\" content=\"2026-05-03T13:11:02+00:00\" \/>\n<meta property=\"og:image\" content=\"https:\/\/thermoblend.com.br\/home\/wp-content\/uploads\/2025\/02\/thermoblend_aero-2-1024x512.png\" \/>\n\t<meta property=\"og:image:width\" content=\"1024\" \/>\n\t<meta property=\"og:image:height\" content=\"512\" \/>\n\t<meta property=\"og:image:type\" content=\"image\/png\" \/>\n<meta name=\"author\" content=\"SEO\" \/>\n<meta name=\"twitter:card\" content=\"summary_large_image\" \/>\n<meta name=\"twitter:label1\" content=\"Escrito por\" \/>\n\t<meta name=\"twitter:data1\" content=\"SEO\" \/>\n\t<meta name=\"twitter:label2\" content=\"Est. tempo de leitura\" \/>\n\t<meta name=\"twitter:data2\" content=\"3 minutos\" \/>\n<script type=\"application\/ld+json\" class=\"yoast-schema-graph\">{\"@context\":\"https:\/\/schema.org\",\"@graph\":[{\"@type\":\"Article\",\"@id\":\"https:\/\/thermoblend.com.br\/home\/reforco-com-fibra-de-vidro-o-ponto-de-virada-da-thermoblend\/#article\",\"isPartOf\":{\"@id\":\"https:\/\/thermoblend.com.br\/home\/reforco-com-fibra-de-vidro-o-ponto-de-virada-da-thermoblend\/\"},\"author\":{\"name\":\"SEO\",\"@id\":\"https:\/\/thermoblend.com.br\/home\/#\/schema\/person\/954f51992e18d7780ef0e56895a70f77\"},\"headline\":\"Refor\u00e7o com Fibra de Vidro: O Ponto de Virada da Thermoblend\",\"datePublished\":\"2026-05-03T13:11:02+00:00\",\"dateModified\":\"2026-05-03T13:11:02+00:00\",\"mainEntityOfPage\":{\"@id\":\"https:\/\/thermoblend.com.br\/home\/reforco-com-fibra-de-vidro-o-ponto-de-virada-da-thermoblend\/\"},\"wordCount\":548,\"publisher\":{\"@id\":\"https:\/\/thermoblend.com.br\/home\/#organization\"},\"image\":{\"@id\":\"https:\/\/thermoblend.com.br\/home\/reforco-com-fibra-de-vidro-o-ponto-de-virada-da-thermoblend\/#primaryimage\"},\"thumbnailUrl\":\"https:\/\/thermoblend.com.br\/home\/wp-content\/uploads\/2025\/02\/thermoblend_aero-2.png\",\"articleSection\":[\"SEO - Geral\"],\"inLanguage\":\"pt-BR\"},{\"@type\":\"WebPage\",\"@id\":\"https:\/\/thermoblend.com.br\/home\/reforco-com-fibra-de-vidro-o-ponto-de-virada-da-thermoblend\/\",\"url\":\"https:\/\/thermoblend.com.br\/home\/reforco-com-fibra-de-vidro-o-ponto-de-virada-da-thermoblend\/\",\"name\":\"Refor\u00e7o com Fibra de Vidro: A Revolu\u00e7\u00e3o da Thermoblend\",\"isPartOf\":{\"@id\":\"https:\/\/thermoblend.com.br\/home\/#website\"},\"primaryImageOfPage\":{\"@id\":\"https:\/\/thermoblend.com.br\/home\/reforco-com-fibra-de-vidro-o-ponto-de-virada-da-thermoblend\/#primaryimage\"},\"image\":{\"@id\":\"https:\/\/thermoblend.com.br\/home\/reforco-com-fibra-de-vidro-o-ponto-de-virada-da-thermoblend\/#primaryimage\"},\"thumbnailUrl\":\"https:\/\/thermoblend.com.br\/home\/wp-content\/uploads\/2025\/02\/thermoblend_aero-2.png\",\"datePublished\":\"2026-05-03T13:11:02+00:00\",\"dateModified\":\"2026-05-03T13:11:02+00:00\",\"description\":\"Descubra como o Refor\u00e7o com Fibra de Vidro \u00e9 essencial para durabilidade e resist\u00eancia com a Thermoblend - l\u00edder do segmento.\",\"breadcrumb\":{\"@id\":\"https:\/\/thermoblend.com.br\/home\/reforco-com-fibra-de-vidro-o-ponto-de-virada-da-thermoblend\/#breadcrumb\"},\"inLanguage\":\"pt-BR\",\"potentialAction\":[{\"@type\":\"ReadAction\",\"target\":[\"https:\/\/thermoblend.com.br\/home\/reforco-com-fibra-de-vidro-o-ponto-de-virada-da-thermoblend\/\"]}]},{\"@type\":\"ImageObject\",\"inLanguage\":\"pt-BR\",\"@id\":\"https:\/\/thermoblend.com.br\/home\/reforco-com-fibra-de-vidro-o-ponto-de-virada-da-thermoblend\/#primaryimage\",\"url\":\"https:\/\/thermoblend.com.br\/home\/wp-content\/uploads\/2025\/02\/thermoblend_aero-2.png\",\"contentUrl\":\"https:\/\/thermoblend.com.br\/home\/wp-content\/uploads\/2025\/02\/thermoblend_aero-2.png\",\"width\":1536,\"height\":768},{\"@type\":\"BreadcrumbList\",\"@id\":\"https:\/\/thermoblend.com.br\/home\/reforco-com-fibra-de-vidro-o-ponto-de-virada-da-thermoblend\/#breadcrumb\",\"itemListElement\":[{\"@type\":\"ListItem\",\"position\":1,\"name\":\"In\u00edcio\",\"item\":\"https:\/\/thermoblend.com.br\/home\/\"},{\"@type\":\"ListItem\",\"position\":2,\"name\":\"Refor\u00e7o com Fibra de Vidro: O Ponto de Virada da Thermoblend\"}]},{\"@type\":\"WebSite\",\"@id\":\"https:\/\/thermoblend.com.br\/home\/#website\",\"url\":\"https:\/\/thermoblend.com.br\/home\/\",\"name\":\"Thermoblend\",\"description\":\"Compostos para o futuro\",\"publisher\":{\"@id\":\"https:\/\/thermoblend.com.br\/home\/#organization\"},\"potentialAction\":[{\"@type\":\"SearchAction\",\"target\":{\"@type\":\"EntryPoint\",\"urlTemplate\":\"https:\/\/thermoblend.com.br\/home\/?s={search_term_string}\"},\"query-input\":{\"@type\":\"PropertyValueSpecification\",\"valueRequired\":true,\"valueName\":\"search_term_string\"}}],\"inLanguage\":\"pt-BR\"},{\"@type\":\"Organization\",\"@id\":\"https:\/\/thermoblend.com.br\/home\/#organization\",\"name\":\"Thermoblend\",\"url\":\"https:\/\/thermoblend.com.br\/home\/\",\"logo\":{\"@type\":\"ImageObject\",\"inLanguage\":\"pt-BR\",\"@id\":\"https:\/\/thermoblend.com.br\/home\/#\/schema\/logo\/image\/\",\"url\":\"https:\/\/thermoblend.com.br\/home\/wp-content\/uploads\/2025\/02\/Z286-Website-Thermoblend5.png\",\"contentUrl\":\"https:\/\/thermoblend.com.br\/home\/wp-content\/uploads\/2025\/02\/Z286-Website-Thermoblend5.png\",\"width\":1920,\"height\":284,\"caption\":\"Thermoblend\"},\"image\":{\"@id\":\"https:\/\/thermoblend.com.br\/home\/#\/schema\/logo\/image\/\"}},{\"@type\":\"Person\",\"@id\":\"https:\/\/thermoblend.com.br\/home\/#\/schema\/person\/954f51992e18d7780ef0e56895a70f77\",\"name\":\"SEO\",\"image\":{\"@type\":\"ImageObject\",\"inLanguage\":\"pt-BR\",\"@id\":\"https:\/\/thermoblend.com.br\/home\/#\/schema\/person\/image\/\",\"url\":\"https:\/\/secure.gravatar.com\/avatar\/be5b30c70f6013b0fddc17b6b746f0aecfd0d05fbd3325b28d071b7a5a40da96?s=96&d=mm&r=g\",\"contentUrl\":\"https:\/\/secure.gravatar.com\/avatar\/be5b30c70f6013b0fddc17b6b746f0aecfd0d05fbd3325b28d071b7a5a40da96?s=96&d=mm&r=g\",\"caption\":\"SEO\"},\"url\":\"https:\/\/thermoblend.com.br\/home\/author\/seo\/\"}]}<\/script>\n<!-- \/ Yoast SEO plugin. -->","yoast_head_json":{"title":"Refor\u00e7o com Fibra de Vidro: A Revolu\u00e7\u00e3o da Thermoblend","description":"Descubra como o Refor\u00e7o com Fibra de Vidro \u00e9 essencial para durabilidade e resist\u00eancia com a Thermoblend - l\u00edder do segmento.","robots":{"index":"index","follow":"follow","max-snippet":"max-snippet:-1","max-image-preview":"max-image-preview:large","max-video-preview":"max-video-preview:-1"},"canonical":"https:\/\/thermoblend.com.br\/home\/reforco-com-fibra-de-vidro-o-ponto-de-virada-da-thermoblend\/","og_locale":"pt_BR","og_type":"article","og_title":"Refor\u00e7o com Fibra de Vidro: A Revolu\u00e7\u00e3o da Thermoblend","og_description":"Descubra como o Refor\u00e7o com Fibra de Vidro \u00e9 essencial para durabilidade e resist\u00eancia com a Thermoblend - l\u00edder do segmento.","og_url":"https:\/\/thermoblend.com.br\/home\/reforco-com-fibra-de-vidro-o-ponto-de-virada-da-thermoblend\/","og_site_name":"Thermoblend","article_published_time":"2026-05-03T13:11:02+00:00","og_image":[{"width":1024,"height":512,"url":"https:\/\/thermoblend.com.br\/home\/wp-content\/uploads\/2025\/02\/thermoblend_aero-2-1024x512.png","type":"image\/png"}],"author":"SEO","twitter_card":"summary_large_image","twitter_misc":{"Escrito por":"SEO","Est. tempo de leitura":"3 minutos"},"schema":{"@context":"https:\/\/schema.org","@graph":[{"@type":"Article","@id":"https:\/\/thermoblend.com.br\/home\/reforco-com-fibra-de-vidro-o-ponto-de-virada-da-thermoblend\/#article","isPartOf":{"@id":"https:\/\/thermoblend.com.br\/home\/reforco-com-fibra-de-vidro-o-ponto-de-virada-da-thermoblend\/"},"author":{"name":"SEO","@id":"https:\/\/thermoblend.com.br\/home\/#\/schema\/person\/954f51992e18d7780ef0e56895a70f77"},"headline":"Refor\u00e7o com Fibra de Vidro: O Ponto de Virada da Thermoblend","datePublished":"2026-05-03T13:11:02+00:00","dateModified":"2026-05-03T13:11:02+00:00","mainEntityOfPage":{"@id":"https:\/\/thermoblend.com.br\/home\/reforco-com-fibra-de-vidro-o-ponto-de-virada-da-thermoblend\/"},"wordCount":548,"publisher":{"@id":"https:\/\/thermoblend.com.br\/home\/#organization"},"image":{"@id":"https:\/\/thermoblend.com.br\/home\/reforco-com-fibra-de-vidro-o-ponto-de-virada-da-thermoblend\/#primaryimage"},"thumbnailUrl":"https:\/\/thermoblend.com.br\/home\/wp-content\/uploads\/2025\/02\/thermoblend_aero-2.png","articleSection":["SEO - Geral"],"inLanguage":"pt-BR"},{"@type":"WebPage","@id":"https:\/\/thermoblend.com.br\/home\/reforco-com-fibra-de-vidro-o-ponto-de-virada-da-thermoblend\/","url":"https:\/\/thermoblend.com.br\/home\/reforco-com-fibra-de-vidro-o-ponto-de-virada-da-thermoblend\/","name":"Refor\u00e7o com Fibra de Vidro: A Revolu\u00e7\u00e3o da Thermoblend","isPartOf":{"@id":"https:\/\/thermoblend.com.br\/home\/#website"},"primaryImageOfPage":{"@id":"https:\/\/thermoblend.com.br\/home\/reforco-com-fibra-de-vidro-o-ponto-de-virada-da-thermoblend\/#primaryimage"},"image":{"@id":"https:\/\/thermoblend.com.br\/home\/reforco-com-fibra-de-vidro-o-ponto-de-virada-da-thermoblend\/#primaryimage"},"thumbnailUrl":"https:\/\/thermoblend.com.br\/home\/wp-content\/uploads\/2025\/02\/thermoblend_aero-2.png","datePublished":"2026-05-03T13:11:02+00:00","dateModified":"2026-05-03T13:11:02+00:00","description":"Descubra como o Refor\u00e7o com Fibra de Vidro \u00e9 essencial para durabilidade e resist\u00eancia com a Thermoblend - l\u00edder do segmento.","breadcrumb":{"@id":"https:\/\/thermoblend.com.br\/home\/reforco-com-fibra-de-vidro-o-ponto-de-virada-da-thermoblend\/#breadcrumb"},"inLanguage":"pt-BR","potentialAction":[{"@type":"ReadAction","target":["https:\/\/thermoblend.com.br\/home\/reforco-com-fibra-de-vidro-o-ponto-de-virada-da-thermoblend\/"]}]},{"@type":"ImageObject","inLanguage":"pt-BR","@id":"https:\/\/thermoblend.com.br\/home\/reforco-com-fibra-de-vidro-o-ponto-de-virada-da-thermoblend\/#primaryimage","url":"https:\/\/thermoblend.com.br\/home\/wp-content\/uploads\/2025\/02\/thermoblend_aero-2.png","contentUrl":"https:\/\/thermoblend.com.br\/home\/wp-content\/uploads\/2025\/02\/thermoblend_aero-2.png","width":1536,"height":768},{"@type":"BreadcrumbList","@id":"https:\/\/thermoblend.com.br\/home\/reforco-com-fibra-de-vidro-o-ponto-de-virada-da-thermoblend\/#breadcrumb","itemListElement":[{"@type":"ListItem","position":1,"name":"In\u00edcio","item":"https:\/\/thermoblend.com.br\/home\/"},{"@type":"ListItem","position":2,"name":"Refor\u00e7o com Fibra de Vidro: O Ponto de Virada da Thermoblend"}]},{"@type":"WebSite","@id":"https:\/\/thermoblend.com.br\/home\/#website","url":"https:\/\/thermoblend.com.br\/home\/","name":"Thermoblend","description":"Compostos para o futuro","publisher":{"@id":"https:\/\/thermoblend.com.br\/home\/#organization"},"potentialAction":[{"@type":"SearchAction","target":{"@type":"EntryPoint","urlTemplate":"https:\/\/thermoblend.com.br\/home\/?s={search_term_string}"},"query-input":{"@type":"PropertyValueSpecification","valueRequired":true,"valueName":"search_term_string"}}],"inLanguage":"pt-BR"},{"@type":"Organization","@id":"https:\/\/thermoblend.com.br\/home\/#organization","name":"Thermoblend","url":"https:\/\/thermoblend.com.br\/home\/","logo":{"@type":"ImageObject","inLanguage":"pt-BR","@id":"https:\/\/thermoblend.com.br\/home\/#\/schema\/logo\/image\/","url":"https:\/\/thermoblend.com.br\/home\/wp-content\/uploads\/2025\/02\/Z286-Website-Thermoblend5.png","contentUrl":"https:\/\/thermoblend.com.br\/home\/wp-content\/uploads\/2025\/02\/Z286-Website-Thermoblend5.png","width":1920,"height":284,"caption":"Thermoblend"},"image":{"@id":"https:\/\/thermoblend.com.br\/home\/#\/schema\/logo\/image\/"}},{"@type":"Person","@id":"https:\/\/thermoblend.com.br\/home\/#\/schema\/person\/954f51992e18d7780ef0e56895a70f77","name":"SEO","image":{"@type":"ImageObject","inLanguage":"pt-BR","@id":"https:\/\/thermoblend.com.br\/home\/#\/schema\/person\/image\/","url":"https:\/\/secure.gravatar.com\/avatar\/be5b30c70f6013b0fddc17b6b746f0aecfd0d05fbd3325b28d071b7a5a40da96?s=96&d=mm&r=g","contentUrl":"https:\/\/secure.gravatar.com\/avatar\/be5b30c70f6013b0fddc17b6b746f0aecfd0d05fbd3325b28d071b7a5a40da96?s=96&d=mm&r=g","caption":"SEO"},"url":"https:\/\/thermoblend.com.br\/home\/author\/seo\/"}]}},"_links":{"self":[{"href":"https:\/\/thermoblend.com.br\/home\/wp-json\/wp\/v2\/posts\/24579","targetHints":{"allow":["GET"]}}],"collection":[{"href":"https:\/\/thermoblend.com.br\/home\/wp-json\/wp\/v2\/posts"}],"about":[{"href":"https:\/\/thermoblend.com.br\/home\/wp-json\/wp\/v2\/types\/post"}],"author":[{"embeddable":true,"href":"https:\/\/thermoblend.com.br\/home\/wp-json\/wp\/v2\/users\/2"}],"replies":[{"embeddable":true,"href":"https:\/\/thermoblend.com.br\/home\/wp-json\/wp\/v2\/comments?post=24579"}],"version-history":[{"count":0,"href":"https:\/\/thermoblend.com.br\/home\/wp-json\/wp\/v2\/posts\/24579\/revisions"}],"wp:featuredmedia":[{"embeddable":true,"href":"https:\/\/thermoblend.com.br\/home\/wp-json\/wp\/v2\/media\/257"}],"wp:attachment":[{"href":"https:\/\/thermoblend.com.br\/home\/wp-json\/wp\/v2\/media?parent=24579"}],"wp:term":[{"taxonomy":"category","embeddable":true,"href":"https:\/\/thermoblend.com.br\/home\/wp-json\/wp\/v2\/categories?post=24579"},{"taxonomy":"post_tag","embeddable":true,"href":"https:\/\/thermoblend.com.br\/home\/wp-json\/wp\/v2\/tags?post=24579"}],"curies":[{"name":"wp","href":"https:\/\/api.w.org\/{rel}","templated":true}]}}